{"id":26189,"date":"2026-04-29T19:15:00","date_gmt":"2026-04-29T22:15:00","guid":{"rendered":"https:\/\/diariodepernambuco.audiencelabs.com.br\/?p=26189"},"modified":"2026-04-28T14:34:52","modified_gmt":"2026-04-28T17:34:52","slug":"curso-tecnico-brasileiro-vai-pagar-r-700-de-bolsa-para-os-estudantes-no-senai","status":"publish","type":"post","link":"https:\/\/diariodepernambuco.audiencelabs.com.br\/curso-tecnico-brasileiro-vai-pagar-r-700-de-bolsa-para-os-estudantes-no-senai\/","title":{"rendered":"Curso t\u00e9cnico brasileiro vai pagar R$ 700 de bolsa para os estudantes no Senai"},"content":{"rendered":"\n<p>O Senai, em parceria com a Petrobras, iniciou um programa de forma\u00e7\u00e3o chamado <strong>Autonomia e Renda<\/strong>, voltado para quem quer aprender uma profiss\u00e3o t\u00e9cnica e entrar no mercado de trabalho com mais preparo. A ideia \u00e9 oferecer qualifica\u00e7\u00e3o profissional e, ao mesmo tempo, ajudar o estudante financeiramente durante o curso.<\/p>\n\n\n\n<p>Quem participa do programa recebe uma bolsa de <strong>R$ 700 por m\u00eas<\/strong>, podendo chegar a cerca de R$ 800 em alguns casos, dependendo da situa\u00e7\u00e3o do aluno. Esse valor \u00e9 pago enquanto o estudante est\u00e1 fazendo o curso, ajudando com despesas b\u00e1sicas do dia a dia. Al\u00e9m disso, alguns participantes tamb\u00e9m podem ter apoio com transporte, alimenta\u00e7\u00e3o e materiais usados nas aulas.<\/p>\n\n\n\n<h2 class=\"wp-block-heading\">Como \u00e9 a forma\u00e7\u00e3o<\/h2>\n\n\n\n<p>O curso come\u00e7a com uma etapa online, focada em letramento digital, para preparar os alunos antes das aulas pr\u00e1ticas. Depois disso, os estudantes seguem para a fase presencial, onde aprendem as atividades do curso escolhido. Ao todo, o programa oferece cerca de <strong>20 mil vagas<\/strong>, distribu\u00eddas em diferentes turmas e regi\u00f5es.<\/p>\n\n\n\n<p>Os cursos s\u00e3o voltados principalmente para \u00e1reas da ind\u00fastria e da constru\u00e7\u00e3o civil: entre as op\u00e7\u00f5es est\u00e3o fun\u00e7\u00f5es como eletricista industrial, soldador, caldeireiro, pintor industrial, mec\u00e2nico montador, mec\u00e2nico de m\u00e1quinas industriais, instrumentista industrial, operador de hidrojato, pedreiro refratarista, entre muitas outras.<\/p>\n\n\n\n<h2 class=\"wp-block-heading\">Quem pode participar e como se inscrever<\/h2>\n\n\n\n<p>O programa \u00e9 destinado a jovens que estejam terminando ou j\u00e1 tenham conclu\u00eddo o ensino m\u00e9dio, com prioridade para pessoas de baixa renda. As inscri\u00e7\u00f5es devem ser feitas pela internet, no site oficial do programa, at\u00e9 o dia <strong>13 de abril<\/strong>.<\/p>\n","protected":false},"excerpt":{"rendered":"<p>O Senai, em parceria com a Petrobras, iniciou um programa de forma\u00e7\u00e3o chamado Autonomia e Renda, voltado para quem quer aprender uma profiss\u00e3o t\u00e9cnica e entrar no mercado de trabalho com mais preparo. A ideia \u00e9 oferecer qualifica\u00e7\u00e3o profissional e, ao mesmo tempo, ajudar o estudante financeiramente durante o curso. Quem participa do programa recebe [&hellip;]<\/p>\n","protected":false},"author":17,"featured_media":26193,"comment_status":"open","ping_status":"open","sticky":false,"template":"","format":"standard","meta":{"jnews-multi-image_gallery":[],"jnews_single_post":{"format":"standard"},"jnews_primary_category":[],"jnews_social_meta":[],"jnews_post_split":[],"footnotes":""},"categories":[1],"tags":[],"class_list":["post-26189","post","type-post","status-publish","format-standard","has-post-thumbnail","hentry","category-uncategorized"],"_links":{"self":[{"href":"https:\/\/diariodepernambuco.audiencelabs.com.br\/wp-json\/wp\/v2\/posts\/26189","targetHints":{"allow":["GET"]}}],"collection":[{"href":"https:\/\/diariodepernambuco.audiencelabs.com.br\/wp-json\/wp\/v2\/posts"}],"about":[{"href":"https:\/\/diariodepernambuco.audiencelabs.com.br\/wp-json\/wp\/v2\/types\/post"}],"author":[{"embeddable":true,"href":"https:\/\/diariodepernambuco.audiencelabs.com.br\/wp-json\/wp\/v2\/users\/17"}],"replies":[{"embeddable":true,"href":"https:\/\/diariodepernambuco.audiencelabs.com.br\/wp-json\/wp\/v2\/comments?post=26189"}],"version-history":[{"count":2,"href":"https:\/\/diariodepernambuco.audiencelabs.com.br\/wp-json\/wp\/v2\/posts\/26189\/revisions"}],"predecessor-version":[{"id":26194,"href":"https:\/\/diariodepernambuco.audiencelabs.com.br\/wp-json\/wp\/v2\/posts\/26189\/revisions\/26194"}],"wp:featuredmedia":[{"embeddable":true,"href":"https:\/\/diariodepernambuco.audiencelabs.com.br\/wp-json\/wp\/v2\/media\/26193"}],"wp:attachment":[{"href":"https:\/\/diariodepernambuco.audiencelabs.com.br\/wp-json\/wp\/v2\/media?parent=26189"}],"wp:term":[{"taxonomy":"category","embeddable":true,"href":"https:\/\/diariodepernambuco.audiencelabs.com.br\/wp-json\/wp\/v2\/categories?post=26189"},{"taxonomy":"post_tag","embeddable":true,"href":"https:\/\/diariodepernambuco.audiencelabs.com.br\/wp-json\/wp\/v2\/tags?post=26189"}],"curies":[{"name":"wp","href":"https:\/\/api.w.org\/{rel}","templated":true}]}}