{"id":26191,"date":"2026-04-29T13:03:00","date_gmt":"2026-04-29T16:03:00","guid":{"rendered":"https:\/\/diariodepernambuco.audiencelabs.com.br\/?p=26191"},"modified":"2026-04-28T14:39:51","modified_gmt":"2026-04-28T17:39:51","slug":"3-estados-brasileiros-que-vao-viver-dias-gelados-a-partir-de-hoje-29","status":"publish","type":"post","link":"https:\/\/diariodepernambuco.audiencelabs.com.br\/3-estados-brasileiros-que-vao-viver-dias-gelados-a-partir-de-hoje-29\/","title":{"rendered":"3 estados brasileiros que v\u00e3o viver dias gelados a partir de hoje (29)"},"content":{"rendered":"\n<p>O fim do m\u00eas de abril ser\u00e1 marcado por <strong>temperaturas geladas e precipita\u00e7\u00f5es constantes<\/strong> em uma parcela significativa do pa\u00eds, uma vez que a frente fria que est\u00e1 sobre o oceano Atl\u00e2ntico e que atuou no Sul do Brasil promete seguir impactando o clima em parte do territ\u00f3rio nacional.<\/p>\n\n\n\n<p>De acordo com informa\u00e7\u00f5es divulgadas pelo portal <em>Meteored Brasil<\/em>, mesmo avan\u00e7ando em dire\u00e7\u00e3o \u00e0 regi\u00e3o Sudeste, o fen\u00f4meno ainda <strong>influenciar\u00e1 o tempo da regi\u00e3o Sul<\/strong> neste come\u00e7o de semana.<\/p>\n\n\n\n<p>Por conta disso, estados como <strong>Rio Grande do Sul, Paran\u00e1 e Santa Catarina <\/strong>poder\u00e3o enfrentar volumes de chuva elevados que, segundo meteorologistas, devem ganhar for\u00e7a principalmente nesta quarta-feira (29).<\/p>\n\n\n\n<p>As previs\u00f5es destacam ainda que, no Paran\u00e1, <strong>os volumes podem ultrapassar os 100 mil\u00edmetros<\/strong>, sendo alto suficiente para causar alagamentos, enchentes e deslizamentos de terra em determinadas regi\u00f5es.<\/p>\n\n\n\n<p>Contudo, \u00e9 importante ressaltar que as chuvas devem prevalecer somente nas primeiras horas da manh\u00e3. Especialistas ressaltam que, embora temporais ainda possam ocorrer em algumas cidades, a expectativa \u00e9 de que <strong>o tempo fique est\u00e1vel no territ\u00f3rio \u00e0 medida que a tarde avan\u00e7a<\/strong>.<\/p>\n\n\n\n<h2 class=\"wp-block-heading\">Estados do Sudeste impactados pela frente fria<\/h2>\n\n\n\n<p>Conforme mencionado anteriormente, a frente fria do Atl\u00e2ntico tamb\u00e9m est\u00e1 avan\u00e7ando para o Sudeste do pa\u00eds. E ainda segundo o <em>Meteored<\/em>, por conta disso, estados como <strong>S\u00e3o Paulo e Mato Grosso do Sul<\/strong> acabar\u00e3o sendo atingidos por quedas de temperatura.<\/p>\n\n\n\n<p>A mudan\u00e7a no tempo teve in\u00edcio na ter\u00e7a-feira (28), com pancadas isoladas atingindo as manh\u00e3s paulistas. J\u00e1 em Mato Grosso do Sul, as chuvas passaram a ser registradas no per\u00edodo da tarde.<\/p>\n\n\n\n<p>A previs\u00e3o indica que as condi\u00e7\u00f5es devem permanecer as mesmas na quarta-feira (29), com <strong>chuvas de intensidade fraca a moderada<\/strong> predominando, principalmente no per\u00edodo da tarde. Contudo, como os acumulados devem alcan\u00e7ar no m\u00e1ximo 60 mil\u00edmetros, o risco para a regi\u00e3o \u00e9 considerado baixo.<\/p>\n","protected":false},"excerpt":{"rendered":"<p>O fim do m\u00eas de abril ser\u00e1 marcado por temperaturas geladas e precipita\u00e7\u00f5es constantes em uma parcela significativa do pa\u00eds, uma vez que a frente fria que est\u00e1 sobre o oceano Atl\u00e2ntico e que atuou no Sul do Brasil promete seguir impactando o clima em parte do territ\u00f3rio nacional. De acordo com informa\u00e7\u00f5es divulgadas pelo [&hellip;]<\/p>\n","protected":false},"author":15,"featured_media":26192,"comment_status":"open","ping_status":"open","sticky":false,"template":"","format":"standard","meta":{"jnews-multi-image_gallery":[],"jnews_single_post":{"format":"standard"},"jnews_primary_category":[],"jnews_social_meta":[],"jnews_post_split":[],"footnotes":""},"categories":[1],"tags":[],"class_list":["post-26191","post","type-post","status-publish","format-standard","has-post-thumbnail","hentry","category-uncategorized"],"_links":{"self":[{"href":"https:\/\/diariodepernambuco.audiencelabs.com.br\/wp-json\/wp\/v2\/posts\/26191","targetHints":{"allow":["GET"]}}],"collection":[{"href":"https:\/\/diariodepernambuco.audiencelabs.com.br\/wp-json\/wp\/v2\/posts"}],"about":[{"href":"https:\/\/diariodepernambuco.audiencelabs.com.br\/wp-json\/wp\/v2\/types\/post"}],"author":[{"embeddable":true,"href":"https:\/\/diariodepernambuco.audiencelabs.com.br\/wp-json\/wp\/v2\/users\/15"}],"replies":[{"embeddable":true,"href":"https:\/\/diariodepernambuco.audiencelabs.com.br\/wp-json\/wp\/v2\/comments?post=26191"}],"version-history":[{"count":1,"href":"https:\/\/diariodepernambuco.audiencelabs.com.br\/wp-json\/wp\/v2\/posts\/26191\/revisions"}],"predecessor-version":[{"id":26197,"href":"https:\/\/diariodepernambuco.audiencelabs.com.br\/wp-json\/wp\/v2\/posts\/26191\/revisions\/26197"}],"wp:featuredmedia":[{"embeddable":true,"href":"https:\/\/diariodepernambuco.audiencelabs.com.br\/wp-json\/wp\/v2\/media\/26192"}],"wp:attachment":[{"href":"https:\/\/diariodepernambuco.audiencelabs.com.br\/wp-json\/wp\/v2\/media?parent=26191"}],"wp:term":[{"taxonomy":"category","embeddable":true,"href":"https:\/\/diariodepernambuco.audiencelabs.com.br\/wp-json\/wp\/v2\/categories?post=26191"},{"taxonomy":"post_tag","embeddable":true,"href":"https:\/\/diariodepernambuco.audiencelabs.com.br\/wp-json\/wp\/v2\/tags?post=26191"}],"curies":[{"name":"wp","href":"https:\/\/api.w.org\/{rel}","templated":true}]}}