{"id":26199,"date":"2026-04-29T17:15:00","date_gmt":"2026-04-29T20:15:00","guid":{"rendered":"https:\/\/diariodepernambuco.audiencelabs.com.br\/?p=26199"},"modified":"2026-04-28T16:31:39","modified_gmt":"2026-04-28T19:31:39","slug":"rua-mais-comercial-do-brasil-se-valorizou-ao-longo-dos-anos-e-fatura-milhoes-por-ano","status":"publish","type":"post","link":"https:\/\/diariodepernambuco.audiencelabs.com.br\/rua-mais-comercial-do-brasil-se-valorizou-ao-longo-dos-anos-e-fatura-milhoes-por-ano\/","title":{"rendered":"Rua mais comercial do Brasil se valorizou ao longo dos anos e fatura milh\u00f5es por ano"},"content":{"rendered":"\n<p>N\u00e3o \u00e9 de hoje que a <strong>Rua Oscar Freire<\/strong> \u00e9 considerada um dos endere\u00e7os comerciais mais prestigiados do mundo. Com o passar dos anos, o local atraiu grandes marcas, acompanhou tend\u00eancias e elevou seu padr\u00e3o at\u00e9 conquistar reconhecimento internacional.<\/p>\n\n\n\n<p>Segundo o site <em>Metro Quadrado<\/em>, a rua ganhou espa\u00e7o em rankings globais de varejo, com destaque para o relat\u00f3rio <em>Main Streets Across the World<\/em>, da Cushman &amp; Wakefield. Na 35\u00aa edi\u00e7\u00e3o do relat\u00f3rio, a Oscar Freire apareceu entre os endere\u00e7os mais valorizados do mundo e chamou aten\u00e7\u00e3o por registrar uma das maiores altas de pre\u00e7o de aluguel, custando <strong>US$ 120 por metro quadrado<\/strong>, que d\u00e1 mais ou menos R$ 600.<\/p>\n\n\n\n<h2 class=\"wp-block-heading\">Lojas presentes<\/h2>\n\n\n\n<p>Entre as lojas, est\u00e3o marcas conhecidas mundialmente como Louis Vuitton e Cartier, al\u00e9m de Versace e Tommy Hilfiger. Muitas lojas tamb\u00e9m investem em ambientes criativos, como as nacionais Osklen, Ellus e Le Lis Blanc. Al\u00e9m disso, a rua tamb\u00e9m conta com restaurantes e caf\u00e9s, o que torna o local mais completo.<\/p>\n\n\n\n<h2 class=\"wp-block-heading\">Um polo que movimenta milh\u00f5es<\/h2>\n\n\n\n<p>Com grande circula\u00e7\u00e3o de pessoas diariamente, a rua movimenta milh\u00f5es todos os anos. Al\u00e9m disso, o alto valor das vendas e dos alugu\u00e9is mostra a for\u00e7a econ\u00f4mica do local, que se mant\u00e9m como um dos principais centros de luxo da Am\u00e9rica Latina e tem presen\u00e7a constante em rankings internacionais.<\/p>\n","protected":false},"excerpt":{"rendered":"<p>N\u00e3o \u00e9 de hoje que a Rua Oscar Freire \u00e9 considerada um dos endere\u00e7os comerciais mais prestigiados do mundo. Com o passar dos anos, o local atraiu grandes marcas, acompanhou tend\u00eancias e elevou seu padr\u00e3o at\u00e9 conquistar reconhecimento internacional. Segundo o site Metro Quadrado, a rua ganhou espa\u00e7o em rankings globais de varejo, com destaque [&hellip;]<\/p>\n","protected":false},"author":17,"featured_media":26219,"comment_status":"open","ping_status":"open","sticky":false,"template":"","format":"standard","meta":{"jnews-multi-image_gallery":[],"jnews_single_post":{"format":"standard"},"jnews_primary_category":[],"jnews_social_meta":[],"jnews_post_split":[],"footnotes":""},"categories":[1],"tags":[],"class_list":["post-26199","post","type-post","status-publish","format-standard","has-post-thumbnail","hentry","category-uncategorized"],"_links":{"self":[{"href":"https:\/\/diariodepernambuco.audiencelabs.com.br\/wp-json\/wp\/v2\/posts\/26199","targetHints":{"allow":["GET"]}}],"collection":[{"href":"https:\/\/diariodepernambuco.audiencelabs.com.br\/wp-json\/wp\/v2\/posts"}],"about":[{"href":"https:\/\/diariodepernambuco.audiencelabs.com.br\/wp-json\/wp\/v2\/types\/post"}],"author":[{"embeddable":true,"href":"https:\/\/diariodepernambuco.audiencelabs.com.br\/wp-json\/wp\/v2\/users\/17"}],"replies":[{"embeddable":true,"href":"https:\/\/diariodepernambuco.audiencelabs.com.br\/wp-json\/wp\/v2\/comments?post=26199"}],"version-history":[{"count":2,"href":"https:\/\/diariodepernambuco.audiencelabs.com.br\/wp-json\/wp\/v2\/posts\/26199\/revisions"}],"predecessor-version":[{"id":26220,"href":"https:\/\/diariodepernambuco.audiencelabs.com.br\/wp-json\/wp\/v2\/posts\/26199\/revisions\/26220"}],"wp:featuredmedia":[{"embeddable":true,"href":"https:\/\/diariodepernambuco.audiencelabs.com.br\/wp-json\/wp\/v2\/media\/26219"}],"wp:attachment":[{"href":"https:\/\/diariodepernambuco.audiencelabs.com.br\/wp-json\/wp\/v2\/media?parent=26199"}],"wp:term":[{"taxonomy":"category","embeddable":true,"href":"https:\/\/diariodepernambuco.audiencelabs.com.br\/wp-json\/wp\/v2\/categories?post=26199"},{"taxonomy":"post_tag","embeddable":true,"href":"https:\/\/diariodepernambuco.audiencelabs.com.br\/wp-json\/wp\/v2\/tags?post=26199"}],"curies":[{"name":"wp","href":"https:\/\/api.w.org\/{rel}","templated":true}]}}