{"id":26203,"date":"2026-05-02T05:39:00","date_gmt":"2026-05-02T08:39:00","guid":{"rendered":"https:\/\/diariodepernambuco.audiencelabs.com.br\/?p=26203"},"modified":"2026-04-28T15:24:16","modified_gmt":"2026-04-28T18:24:16","slug":"carrefour-surpreendeu-e-anunciou-fechamentos-das-portas-em-shopping-de-sp","status":"publish","type":"post","link":"https:\/\/diariodepernambuco.audiencelabs.com.br\/carrefour-surpreendeu-e-anunciou-fechamentos-das-portas-em-shopping-de-sp\/","title":{"rendered":"Carrefour surpreendeu e anunciou fechamentos das portas em shopping de SP"},"content":{"rendered":"\n<p>O Carrefour pegou muitos consumidores de surpresa ao encerrar as atividades de uma de suas unidades mais tradicionais dentro de um shopping em S\u00e3o Paulo. A loja, localizada no Shopping Center Norte, funcionou por cerca de 37 anos antes de fechar definitivamente as portas, marcando o fim de uma longa trajet\u00f3ria no local.<\/p>\n\n\n\n<p>A decis\u00e3o fez parte de um processo de reestrutura\u00e7\u00e3o da empresa no Brasil, que vem revisando suas opera\u00e7\u00f5es e priorizando formatos considerados mais rent\u00e1veis. Com isso, algumas unidades antigas v\u00eam sendo encerradas ou transformadas, refletindo mudan\u00e7as no comportamento do consumidor e no pr\u00f3prio mercado varejista.<\/p>\n\n\n\n<p>O fechamento da unidade impactou diretamente clientes habituais, que frequentavam o hipermercado h\u00e1 d\u00e9cadas e utilizavam o espa\u00e7o como refer\u00eancia para compras do dia a dia. A sa\u00edda da rede do shopping tamb\u00e9m abriu espa\u00e7o para novos concorrentes, indicando uma mudan\u00e7a importante no cen\u00e1rio comercial da regi\u00e3o.<\/p>\n\n\n\n<p>Apesar do encerramento, o Carrefour segue ativo no pa\u00eds e continua investindo em outras frentes, como o atacarejo e novos formatos de loja. A estrat\u00e9gia da empresa inclui tanto a expans\u00e3o em \u00e1reas estrat\u00e9gicas quanto a readequa\u00e7\u00e3o de unidades consideradas menos eficientes.<\/p>\n\n\n\n<h2 class=\"wp-block-heading\">Espa\u00e7o deve ganhar novo ocupante e mercado muda<\/h2>\n\n\n\n<p>Com o fechamento da unidade, o espa\u00e7o deixado pelo Carrefour n\u00e3o deve ficar vazio por muito tempo. A tend\u00eancia \u00e9 que outro grande grupo do varejo assuma o local, mantendo o fluxo de consumidores no shopping e refor\u00e7ando a competitividade entre redes.<\/p>\n\n\n\n<p>O caso tamb\u00e9m evidencia uma transforma\u00e7\u00e3o maior no setor, com grandes empresas ajustando suas opera\u00e7\u00f5es para se adaptar \u00e0s novas demandas do p\u00fablico. O fechamento de lojas tradicionais, mesmo em locais consolidados, mostra como o varejo est\u00e1 em constante mudan\u00e7a no Brasil.<\/p>\n\n\n\n<p><\/p>\n","protected":false},"excerpt":{"rendered":"<p>O Carrefour pegou muitos consumidores de surpresa ao encerrar as atividades de uma de suas unidades mais tradicionais dentro de um shopping em S\u00e3o Paulo. A loja, localizada no Shopping Center Norte, funcionou por cerca de 37 anos antes de fechar definitivamente as portas, marcando o fim de uma longa trajet\u00f3ria no local. A decis\u00e3o [&hellip;]<\/p>\n","protected":false},"author":4,"featured_media":6095,"comment_status":"open","ping_status":"open","sticky":false,"template":"","format":"standard","meta":{"jnews-multi-image_gallery":[],"jnews_single_post":{"format":"standard"},"jnews_primary_category":[],"jnews_social_meta":[],"jnews_post_split":[],"footnotes":""},"categories":[1],"tags":[],"class_list":["post-26203","post","type-post","status-publish","format-standard","has-post-thumbnail","hentry","category-uncategorized"],"_links":{"self":[{"href":"https:\/\/diariodepernambuco.audiencelabs.com.br\/wp-json\/wp\/v2\/posts\/26203","targetHints":{"allow":["GET"]}}],"collection":[{"href":"https:\/\/diariodepernambuco.audiencelabs.com.br\/wp-json\/wp\/v2\/posts"}],"about":[{"href":"https:\/\/diariodepernambuco.audiencelabs.com.br\/wp-json\/wp\/v2\/types\/post"}],"author":[{"embeddable":true,"href":"https:\/\/diariodepernambuco.audiencelabs.com.br\/wp-json\/wp\/v2\/users\/4"}],"replies":[{"embeddable":true,"href":"https:\/\/diariodepernambuco.audiencelabs.com.br\/wp-json\/wp\/v2\/comments?post=26203"}],"version-history":[{"count":3,"href":"https:\/\/diariodepernambuco.audiencelabs.com.br\/wp-json\/wp\/v2\/posts\/26203\/revisions"}],"predecessor-version":[{"id":26206,"href":"https:\/\/diariodepernambuco.audiencelabs.com.br\/wp-json\/wp\/v2\/posts\/26203\/revisions\/26206"}],"wp:featuredmedia":[{"embeddable":true,"href":"https:\/\/diariodepernambuco.audiencelabs.com.br\/wp-json\/wp\/v2\/media\/6095"}],"wp:attachment":[{"href":"https:\/\/diariodepernambuco.audiencelabs.com.br\/wp-json\/wp\/v2\/media?parent=26203"}],"wp:term":[{"taxonomy":"category","embeddable":true,"href":"https:\/\/diariodepernambuco.audiencelabs.com.br\/wp-json\/wp\/v2\/categories?post=26203"},{"taxonomy":"post_tag","embeddable":true,"href":"https:\/\/diariodepernambuco.audiencelabs.com.br\/wp-json\/wp\/v2\/tags?post=26203"}],"curies":[{"name":"wp","href":"https:\/\/api.w.org\/{rel}","templated":true}]}}