{"id":26217,"date":"2026-04-29T11:22:00","date_gmt":"2026-04-29T14:22:00","guid":{"rendered":"https:\/\/diariodepernambuco.audiencelabs.com.br\/?p=26217"},"modified":"2026-04-28T16:37:04","modified_gmt":"2026-04-28T19:37:04","slug":"fifa-planeja-anunciar-novas-regras-de-jogo-para-copa-do-mundo","status":"publish","type":"post","link":"https:\/\/diariodepernambuco.audiencelabs.com.br\/fifa-planeja-anunciar-novas-regras-de-jogo-para-copa-do-mundo\/","title":{"rendered":"Fifa planeja anunciar novas regras de jogo para Copa do Mundo"},"content":{"rendered":"\n<p>Devido ao grande n\u00famero de sele\u00e7\u00f5es que disputar\u00e3o a edi\u00e7\u00e3o de 2026 da Copa do Mundo, o mata-mata da competi\u00e7\u00e3o pode se estender mais do que o habitual. E isso acabou <strong>despertando grande preocupa\u00e7\u00e3o na Federa\u00e7\u00e3o Internacional de Futebol (Fifa)<\/strong>.<\/p>\n\n\n\n<p>Isso porque as regras atuais do Mundial podem <strong>fazer com que muitos jogadores sejam suspensos em partidas importantes<\/strong>, j\u00e1 que o aumento no n\u00famero de jogos amplia as chances de receber cart\u00f5es amarelos.<\/p>\n\n\n\n<p>Atualmente, atletas podem ser suspensos caso recebam dois cart\u00f5es amarelos em jogos diferentes, e a contagem s\u00f3 ser\u00e1 zerada nas quartas de final. Contudo, de acordo com informa\u00e7\u00f5es divulgadas pelo portal<em> BBC<\/em>, <strong>a Fifa estuda ampliar esse limite<\/strong>.<\/p>\n\n\n\n<p>Ainda n\u00e3o h\u00e1 defini\u00e7\u00e3o sobre qual ser\u00e1 a nova regra adotada pela entidade mas a possibilidade de<strong> zerar os cart\u00f5es em duas fases do torneio<\/strong> em vez de apenas uma se destaca como uma das hip\u00f3teses consideradas.<\/p>\n\n\n\n<p>Levando em conta que o t\u00f3pico foi tratado como uma das prioridades no Conselho da Fifa nesta ter\u00e7a-feira (28), \u00e9 prov\u00e1vel que <strong>a decis\u00e3o final seja divulgada ainda ao longo dessa semana<\/strong>.<\/p>\n\n\n\n<h2 class=\"wp-block-heading\">Fifa avalia aumento no valor da premia\u00e7\u00e3o da Copa do Mundo<\/h2>\n\n\n\n<p>Outra altera\u00e7\u00e3o relevante que est\u00e1 sendo avaliada pela Fifa \u00e9 o<strong> aumento na premia\u00e7\u00e3o para todas as 48 equipes<\/strong> que participar\u00e3o da Copa de 2026. No \u00faltimo domingo (26), a entidade afirmou j\u00e1 estar negociando a possibilidade com as federa\u00e7\u00f5es nacionais.<\/p>\n\n\n\n<p>O acr\u00e9scimo no valor vem sendo cogitado desde o final do ano passado, quando a Fifa passou a afirmar que<strong> a premia\u00e7\u00e3o poderia superar os US$ 700 milh\u00f5es<\/strong>.<\/p>\n\n\n\n<p>Todavia, em entrevista posterior ao portal <em>Reuters<\/em>, a entidade teria afirmado que, no atual ciclo de quatro anos (de 2023 a 2026), foi poss\u00edvel ultrapassar os US$ 11 bilh\u00f5es em receita, o que indica que o pr\u00eamio pode ser ainda maior.<\/p>\n","protected":false},"excerpt":{"rendered":"<p>Devido ao grande n\u00famero de sele\u00e7\u00f5es que disputar\u00e3o a edi\u00e7\u00e3o de 2026 da Copa do Mundo, o mata-mata da competi\u00e7\u00e3o pode se estender mais do que o habitual. E isso acabou despertando grande preocupa\u00e7\u00e3o na Federa\u00e7\u00e3o Internacional de Futebol (Fifa). Isso porque as regras atuais do Mundial podem fazer com que muitos jogadores sejam suspensos [&hellip;]<\/p>\n","protected":false},"author":15,"featured_media":26218,"comment_status":"open","ping_status":"open","sticky":false,"template":"","format":"standard","meta":{"jnews-multi-image_gallery":[],"jnews_single_post":{"format":"standard"},"jnews_primary_category":[],"jnews_social_meta":[],"jnews_post_split":[],"footnotes":""},"categories":[1],"tags":[],"class_list":["post-26217","post","type-post","status-publish","format-standard","has-post-thumbnail","hentry","category-uncategorized"],"_links":{"self":[{"href":"https:\/\/diariodepernambuco.audiencelabs.com.br\/wp-json\/wp\/v2\/posts\/26217","targetHints":{"allow":["GET"]}}],"collection":[{"href":"https:\/\/diariodepernambuco.audiencelabs.com.br\/wp-json\/wp\/v2\/posts"}],"about":[{"href":"https:\/\/diariodepernambuco.audiencelabs.com.br\/wp-json\/wp\/v2\/types\/post"}],"author":[{"embeddable":true,"href":"https:\/\/diariodepernambuco.audiencelabs.com.br\/wp-json\/wp\/v2\/users\/15"}],"replies":[{"embeddable":true,"href":"https:\/\/diariodepernambuco.audiencelabs.com.br\/wp-json\/wp\/v2\/comments?post=26217"}],"version-history":[{"count":1,"href":"https:\/\/diariodepernambuco.audiencelabs.com.br\/wp-json\/wp\/v2\/posts\/26217\/revisions"}],"predecessor-version":[{"id":26223,"href":"https:\/\/diariodepernambuco.audiencelabs.com.br\/wp-json\/wp\/v2\/posts\/26217\/revisions\/26223"}],"wp:featuredmedia":[{"embeddable":true,"href":"https:\/\/diariodepernambuco.audiencelabs.com.br\/wp-json\/wp\/v2\/media\/26218"}],"wp:attachment":[{"href":"https:\/\/diariodepernambuco.audiencelabs.com.br\/wp-json\/wp\/v2\/media?parent=26217"}],"wp:term":[{"taxonomy":"category","embeddable":true,"href":"https:\/\/diariodepernambuco.audiencelabs.com.br\/wp-json\/wp\/v2\/categories?post=26217"},{"taxonomy":"post_tag","embeddable":true,"href":"https:\/\/diariodepernambuco.audiencelabs.com.br\/wp-json\/wp\/v2\/tags?post=26217"}],"curies":[{"name":"wp","href":"https:\/\/api.w.org\/{rel}","templated":true}]}}