{"id":26225,"date":"2026-04-29T16:03:00","date_gmt":"2026-04-29T19:03:00","guid":{"rendered":"https:\/\/diariodepernambuco.audiencelabs.com.br\/?p=26225"},"modified":"2026-04-28T17:08:21","modified_gmt":"2026-04-28T20:08:21","slug":"como-comprar-o-byd-dolphin-com-parcelas-de-r-999-por-mes","status":"publish","type":"post","link":"https:\/\/diariodepernambuco.audiencelabs.com.br\/como-comprar-o-byd-dolphin-com-parcelas-de-r-999-por-mes\/","title":{"rendered":"Como comprar o BYD Dolphin com parcelas de R$ 999 por m\u00eas"},"content":{"rendered":"\n<p>Mesmo ap\u00f3s ter alcan\u00e7ado uma posi\u00e7\u00e3o de destaque no ranking de ve\u00edculos mais vendidos no Brasil nos \u00faltimos meses, <strong>a fabricante chinesa BYD<\/strong> j\u00e1 vinha revelando planos para ir al\u00e9m, mirando a lideran\u00e7a no pa\u00eds.<\/p>\n\n\n\n<p>E vale destacar que, por conta das <strong>novas condi\u00e7\u00f5es comerciais oferecidas para o modelo Dolphin Mini<\/strong>, que \u00e9 posicionado como o carro el\u00e9trico de entrada da marca, as chances de que a BYD consiga alcan\u00e7ar o objetivo n\u00e3o s\u00e3o baixas.<\/p>\n\n\n\n<p>Afinal, apesar do ve\u00edculo ser tabelado em R$ 119.990, a empresa deu in\u00edcio a uma campanha in\u00e9dita, que possibilita que<strong> a aquisi\u00e7\u00e3o seja conclu\u00edda com saldo parcelado em 60 vezes de R$ 999<\/strong>, com taxa de 1,46% ao m\u00eas.<\/p>\n\n\n\n<p>S\u00f3 que, para isso, ser\u00e1 necess\u00e1rio arcar com um valor de entrada elevado, que <strong>gira entre R$ 83.990 e R$ 84 mil<\/strong>, conforme divulgado pelo portal <em>Auto+<\/em>. Nesse processo, ve\u00edculos usados podem ser utilizados na negocia\u00e7\u00e3o com valoriza\u00e7\u00e3o para compor o montante.<\/p>\n\n\n\n<p>Segundo as regras da campanha, a negocia\u00e7\u00e3o<strong> precisa ser iniciada ainda no m\u00eas de abril <\/strong>para garantir as condi\u00e7\u00f5es, j\u00e1 que esse \u00e9 o prazo limite definido pela BYD e ainda n\u00e3o h\u00e1 informa\u00e7\u00f5es sobre uma poss\u00edvel renova\u00e7\u00e3o da campanha.<\/p>\n\n\n\n<h2 class=\"wp-block-heading\">Condi\u00e7\u00f5es especiais: conhe\u00e7a outras vantagens oferecidas pela BYD<\/h2>\n\n\n\n<p>\u00c9 importante ressaltar que o parcelamento \u00e9 apenas uma das estrat\u00e9gias adotadas pela atual campanha BYD para atrair aten\u00e7\u00e3o para seu hatchback subcompacto, uma vez que tamb\u00e9m est\u00e3o sendo oferecidas vantagens como <strong>a recompra garantida<\/strong>.<\/p>\n\n\n\n<p>Al\u00e9m disso, em determinadas concession\u00e1rias, \u00e9 poss\u00edvel encontrar condi\u00e7\u00f5es especiais para p\u00fablico PCD, taxistas e clientes CNPJ, incluindo <strong>descontos que podem chegar a R$ 15 mil<\/strong> em alguns casos.<\/p>\n\n\n\n<p>Ainda segundo as informa\u00e7\u00f5es divulgadas pelo <em>Auto+<\/em>, algumas negocia\u00e7\u00f5es podem garantir aos clientes a aquisi\u00e7\u00e3o de uma esta\u00e7\u00e3o de recarga inteligente (wallbox) sem custo adicional, o que certamente pode tornar a compra ainda mais favor\u00e1vel.<\/p>\n","protected":false},"excerpt":{"rendered":"<p>Mesmo ap\u00f3s ter alcan\u00e7ado uma posi\u00e7\u00e3o de destaque no ranking de ve\u00edculos mais vendidos no Brasil nos \u00faltimos meses, a fabricante chinesa BYD j\u00e1 vinha revelando planos para ir al\u00e9m, mirando a lideran\u00e7a no pa\u00eds. E vale destacar que, por conta das novas condi\u00e7\u00f5es comerciais oferecidas para o modelo Dolphin Mini, que \u00e9 posicionado como [&hellip;]<\/p>\n","protected":false},"author":15,"featured_media":26226,"comment_status":"open","ping_status":"open","sticky":false,"template":"","format":"standard","meta":{"jnews-multi-image_gallery":[],"jnews_single_post":{"format":"standard"},"jnews_primary_category":[],"jnews_social_meta":[],"jnews_post_split":[],"footnotes":""},"categories":[1],"tags":[],"class_list":["post-26225","post","type-post","status-publish","format-standard","has-post-thumbnail","hentry","category-uncategorized"],"_links":{"self":[{"href":"https:\/\/diariodepernambuco.audiencelabs.com.br\/wp-json\/wp\/v2\/posts\/26225","targetHints":{"allow":["GET"]}}],"collection":[{"href":"https:\/\/diariodepernambuco.audiencelabs.com.br\/wp-json\/wp\/v2\/posts"}],"about":[{"href":"https:\/\/diariodepernambuco.audiencelabs.com.br\/wp-json\/wp\/v2\/types\/post"}],"author":[{"embeddable":true,"href":"https:\/\/diariodepernambuco.audiencelabs.com.br\/wp-json\/wp\/v2\/users\/15"}],"replies":[{"embeddable":true,"href":"https:\/\/diariodepernambuco.audiencelabs.com.br\/wp-json\/wp\/v2\/comments?post=26225"}],"version-history":[{"count":1,"href":"https:\/\/diariodepernambuco.audiencelabs.com.br\/wp-json\/wp\/v2\/posts\/26225\/revisions"}],"predecessor-version":[{"id":26229,"href":"https:\/\/diariodepernambuco.audiencelabs.com.br\/wp-json\/wp\/v2\/posts\/26225\/revisions\/26229"}],"wp:featuredmedia":[{"embeddable":true,"href":"https:\/\/diariodepernambuco.audiencelabs.com.br\/wp-json\/wp\/v2\/media\/26226"}],"wp:attachment":[{"href":"https:\/\/diariodepernambuco.audiencelabs.com.br\/wp-json\/wp\/v2\/media?parent=26225"}],"wp:term":[{"taxonomy":"category","embeddable":true,"href":"https:\/\/diariodepernambuco.audiencelabs.com.br\/wp-json\/wp\/v2\/categories?post=26225"},{"taxonomy":"post_tag","embeddable":true,"href":"https:\/\/diariodepernambuco.audiencelabs.com.br\/wp-json\/wp\/v2\/tags?post=26225"}],"curies":[{"name":"wp","href":"https:\/\/api.w.org\/{rel}","templated":true}]}}