{"id":26232,"date":"2026-05-01T06:50:00","date_gmt":"2026-05-01T09:50:00","guid":{"rendered":"https:\/\/diariodepernambuco.audiencelabs.com.br\/?p=26232"},"modified":"2026-04-28T18:22:38","modified_gmt":"2026-04-28T21:22:38","slug":"cnh-liberada-aos-16-anos-saiba-como-adolescentes-podem-dirigir","status":"publish","type":"post","link":"https:\/\/diariodepernambuco.audiencelabs.com.br\/cnh-liberada-aos-16-anos-saiba-como-adolescentes-podem-dirigir\/","title":{"rendered":"CNH liberada aos 16 anos? Saiba como adolescentes podem dirigir"},"content":{"rendered":"\n<p>Neste ano, voltou a ganhar aten\u00e7\u00e3o no Congresso uma proposta que fala sobre mudan\u00e7as nas leis de tr\u00e2nsito. Uma delas \u00e9 permitir que adolescentes a partir de 16 anos possam iniciar o processo para obter a Carteira Nacional de Habilita\u00e7\u00e3o (CNH).<\/p>\n\n\n\n<p>Apesar desses boatos, ainda n\u00e3o existe autoriza\u00e7\u00e3o no Brasil para que adolescentes nessa faixa et\u00e1ria dirijam legalmente, e a regra atual continua a mesma: s\u00f3 quem completa 18 anos pode iniciar o processo para ter a CNH.<\/p>\n\n\n\n<p>O que o <em>Projeto de Lei 8085\/14<\/em> sugere \u00e9 a cria\u00e7\u00e3o de uma permiss\u00e3o especial para jovens de 16 e 17 anos, mas isso est\u00e1 em an\u00e1lise e ainda n\u00e3o virou regra.<\/p>\n\n\n\n<h2 class=\"wp-block-heading\">Como essa permiss\u00e3o poderia funcionar<\/h2>\n\n\n\n<p>Se o projeto for aprovada no futuro, ele n\u00e3o daria liberdade total para dirigir, j\u00e1 que o plano \u00e9 permitir que adolescentes entre 16 e 17 anos dirijam sempre acompanhados por um adulto habilitado e experiente dentro do carro. Tamb\u00e9m podem ser inclu\u00eddas algumas exig\u00eancias, como autoriza\u00e7\u00e3o dos respons\u00e1veis e avalia\u00e7\u00f5es psicol\u00f3gicas.<\/p>\n\n\n\n<p>Segundo informa\u00e7\u00f5es do <em>Portal 6<\/em>, haveria tamb\u00e9m limites de circula\u00e7\u00e3o, como hor\u00e1rios espec\u00edficos ou restri\u00e7\u00e3o a determinadas vias, al\u00e9m da possibilidade de valer apenas para carros da categoria B.<\/p>\n\n\n\n<h2 class=\"wp-block-heading\">Assunto gera discuss\u00e3o<\/h2>\n\n\n\n<p>A ideia de permitir jovens ao volante divide opini\u00f5es: enquanto alguns defendem que isso poderia ajudar na forma\u00e7\u00e3o de motoristas mais experientes, seguindo modelos de outros pa\u00edses, como Estados Unidos e Canad\u00e1, outros alertam que o tr\u00e2nsito exige maturidade e que a falta de experi\u00eancia pode aumentar o risco de acidentes. Por isso, o tema ainda segue em debate e sem previs\u00e3o de mudan\u00e7a.<\/p>\n","protected":false},"excerpt":{"rendered":"<p>Neste ano, voltou a ganhar aten\u00e7\u00e3o no Congresso uma proposta que fala sobre mudan\u00e7as nas leis de tr\u00e2nsito. Uma delas \u00e9 permitir que adolescentes a partir de 16 anos possam iniciar o processo para obter a Carteira Nacional de Habilita\u00e7\u00e3o (CNH). Apesar desses boatos, ainda n\u00e3o existe autoriza\u00e7\u00e3o no Brasil para que adolescentes nessa faixa [&hellip;]<\/p>\n","protected":false},"author":17,"featured_media":26239,"comment_status":"open","ping_status":"open","sticky":false,"template":"","format":"standard","meta":{"jnews-multi-image_gallery":[],"jnews_single_post":{"format":"standard"},"jnews_primary_category":[],"jnews_social_meta":[],"jnews_post_split":[],"footnotes":""},"categories":[1],"tags":[],"class_list":["post-26232","post","type-post","status-publish","format-standard","has-post-thumbnail","hentry","category-uncategorized"],"_links":{"self":[{"href":"https:\/\/diariodepernambuco.audiencelabs.com.br\/wp-json\/wp\/v2\/posts\/26232","targetHints":{"allow":["GET"]}}],"collection":[{"href":"https:\/\/diariodepernambuco.audiencelabs.com.br\/wp-json\/wp\/v2\/posts"}],"about":[{"href":"https:\/\/diariodepernambuco.audiencelabs.com.br\/wp-json\/wp\/v2\/types\/post"}],"author":[{"embeddable":true,"href":"https:\/\/diariodepernambuco.audiencelabs.com.br\/wp-json\/wp\/v2\/users\/17"}],"replies":[{"embeddable":true,"href":"https:\/\/diariodepernambuco.audiencelabs.com.br\/wp-json\/wp\/v2\/comments?post=26232"}],"version-history":[{"count":2,"href":"https:\/\/diariodepernambuco.audiencelabs.com.br\/wp-json\/wp\/v2\/posts\/26232\/revisions"}],"predecessor-version":[{"id":26241,"href":"https:\/\/diariodepernambuco.audiencelabs.com.br\/wp-json\/wp\/v2\/posts\/26232\/revisions\/26241"}],"wp:featuredmedia":[{"embeddable":true,"href":"https:\/\/diariodepernambuco.audiencelabs.com.br\/wp-json\/wp\/v2\/media\/26239"}],"wp:attachment":[{"href":"https:\/\/diariodepernambuco.audiencelabs.com.br\/wp-json\/wp\/v2\/media?parent=26232"}],"wp:term":[{"taxonomy":"category","embeddable":true,"href":"https:\/\/diariodepernambuco.audiencelabs.com.br\/wp-json\/wp\/v2\/categories?post=26232"},{"taxonomy":"post_tag","embeddable":true,"href":"https:\/\/diariodepernambuco.audiencelabs.com.br\/wp-json\/wp\/v2\/tags?post=26232"}],"curies":[{"name":"wp","href":"https:\/\/api.w.org\/{rel}","templated":true}]}}