{"id":26242,"date":"2026-05-01T04:30:00","date_gmt":"2026-05-01T07:30:00","guid":{"rendered":"https:\/\/diariodepernambuco.audiencelabs.com.br\/?p=26242"},"modified":"2026-04-28T19:03:45","modified_gmt":"2026-04-28T22:03:45","slug":"governo-surpreende-e-anuncia-fim-das-multas-em-pedagios-nas-estradas","status":"publish","type":"post","link":"https:\/\/diariodepernambuco.audiencelabs.com.br\/governo-surpreende-e-anuncia-fim-das-multas-em-pedagios-nas-estradas\/","title":{"rendered":"Governo surpreende e anuncia fim das multas em ped\u00e1gios nas estradas"},"content":{"rendered":"\n<p>O governo federal anunciou uma medida que pegou muitos motoristas de surpresa: a suspens\u00e3o tempor\u00e1ria das multas em ped\u00e1gios eletr\u00f4nicos no sistema conhecido como free flow, aquele sem cancelas. A decis\u00e3o vale para milh\u00f5es de condutores em todo o pa\u00eds e foi tomada ap\u00f3s uma s\u00e9rie de falhas e dificuldades enfrentadas pelos usu\u00e1rios no pagamento das tarifas.<\/p>\n\n\n\n<p>De acordo com o Conselho Nacional de Tr\u00e2nsito (Contran), cerca de 3,4 milh\u00f5es de multas ser\u00e3o suspensas durante um per\u00edodo de transi\u00e7\u00e3o. A medida permite que motoristas regularizem d\u00e9bitos sem sofrer penalidades, desde que quitem os valores dentro do prazo estabelecido.<\/p>\n\n\n\n<p>O prazo dado pelo governo \u00e9 de aproximadamente 200 dias, per\u00edodo em que n\u00e3o haver\u00e1 aplica\u00e7\u00e3o de multas nem pontos na carteira para quem estiver com pagamentos pendentes. Caso o motorista quite a tarifa dentro desse intervalo, a penalidade ser\u00e1 anulada. Ap\u00f3s esse prazo, por\u00e9m, as regras voltam a ser aplicadas normalmente.<\/p>\n\n\n\n<p>A decis\u00e3o foi motivada principalmente por problemas no sistema de cobran\u00e7a, que dificultaram o acesso \u00e0s informa\u00e7\u00f5es e ao pagamento por parte dos usu\u00e1rios. Em muitos casos, motoristas relataram n\u00e3o saber que haviam passado por ped\u00e1gios ou n\u00e3o conseguiram identificar como realizar o pagamento dentro do prazo.<\/p>\n\n\n\n<h2 class=\"wp-block-heading\">Entenda o que muda para os motoristas<\/h2>\n\n\n\n<p>Com a nova regra, quem passou por ped\u00e1gios no sistema free flow e n\u00e3o pagou a tarifa ter\u00e1 uma nova chance para regularizar a situa\u00e7\u00e3o sem preju\u00edzos. Isso inclui a possibilidade de evitar multas de R$ 195,23 e tamb\u00e9m os cinco pontos na CNH, considerados infra\u00e7\u00e3o grave no C\u00f3digo de Tr\u00e2nsito Brasileiro.<\/p>\n\n\n\n<p>Apesar da medida trazer al\u00edvio imediato, \u00e9 importante destacar que o pagamento do ped\u00e1gio continua obrigat\u00f3rio. A suspens\u00e3o \u00e9 tempor\u00e1ria e serve como adapta\u00e7\u00e3o ao novo modelo. Ap\u00f3s o per\u00edodo de transi\u00e7\u00e3o, quem n\u00e3o quitar os d\u00e9bitos voltar\u00e1 a ser multado normalmente, o que exige aten\u00e7\u00e3o dos motoristas para evitar problemas futuros.<\/p>\n","protected":false},"excerpt":{"rendered":"<p>O governo federal anunciou uma medida que pegou muitos motoristas de surpresa: a suspens\u00e3o tempor\u00e1ria das multas em ped\u00e1gios eletr\u00f4nicos no sistema conhecido como free flow, aquele sem cancelas. A decis\u00e3o vale para milh\u00f5es de condutores em todo o pa\u00eds e foi tomada ap\u00f3s uma s\u00e9rie de falhas e dificuldades enfrentadas pelos usu\u00e1rios no pagamento [&hellip;]<\/p>\n","protected":false},"author":4,"featured_media":2681,"comment_status":"open","ping_status":"open","sticky":false,"template":"","format":"standard","meta":{"jnews-multi-image_gallery":[],"jnews_single_post":{"format":"standard"},"jnews_primary_category":[],"jnews_social_meta":[],"jnews_post_split":[],"footnotes":""},"categories":[1],"tags":[],"class_list":["post-26242","post","type-post","status-publish","format-standard","has-post-thumbnail","hentry","category-uncategorized"],"_links":{"self":[{"href":"https:\/\/diariodepernambuco.audiencelabs.com.br\/wp-json\/wp\/v2\/posts\/26242","targetHints":{"allow":["GET"]}}],"collection":[{"href":"https:\/\/diariodepernambuco.audiencelabs.com.br\/wp-json\/wp\/v2\/posts"}],"about":[{"href":"https:\/\/diariodepernambuco.audiencelabs.com.br\/wp-json\/wp\/v2\/types\/post"}],"author":[{"embeddable":true,"href":"https:\/\/diariodepernambuco.audiencelabs.com.br\/wp-json\/wp\/v2\/users\/4"}],"replies":[{"embeddable":true,"href":"https:\/\/diariodepernambuco.audiencelabs.com.br\/wp-json\/wp\/v2\/comments?post=26242"}],"version-history":[{"count":2,"href":"https:\/\/diariodepernambuco.audiencelabs.com.br\/wp-json\/wp\/v2\/posts\/26242\/revisions"}],"predecessor-version":[{"id":26244,"href":"https:\/\/diariodepernambuco.audiencelabs.com.br\/wp-json\/wp\/v2\/posts\/26242\/revisions\/26244"}],"wp:featuredmedia":[{"embeddable":true,"href":"https:\/\/diariodepernambuco.audiencelabs.com.br\/wp-json\/wp\/v2\/media\/2681"}],"wp:attachment":[{"href":"https:\/\/diariodepernambuco.audiencelabs.com.br\/wp-json\/wp\/v2\/media?parent=26242"}],"wp:term":[{"taxonomy":"category","embeddable":true,"href":"https:\/\/diariodepernambuco.audiencelabs.com.br\/wp-json\/wp\/v2\/categories?post=26242"},{"taxonomy":"post_tag","embeddable":true,"href":"https:\/\/diariodepernambuco.audiencelabs.com.br\/wp-json\/wp\/v2\/tags?post=26242"}],"curies":[{"name":"wp","href":"https:\/\/api.w.org\/{rel}","templated":true}]}}