{"id":26247,"date":"2026-04-29T09:30:00","date_gmt":"2026-04-29T12:30:00","guid":{"rendered":"https:\/\/diariodepernambuco.audiencelabs.com.br\/?p=26247"},"modified":"2026-04-29T09:27:52","modified_gmt":"2026-04-29T12:27:52","slug":"leo-ortiz-agrediu-varela-apos-lance-importante-no-flamengo","status":"publish","type":"post","link":"https:\/\/diariodepernambuco.audiencelabs.com.br\/leo-ortiz-agrediu-varela-apos-lance-importante-no-flamengo\/","title":{"rendered":"L\u00e9o Ortiz &#8220;agrediu&#8221; Varela ap\u00f3s lance importante no Flamengo"},"content":{"rendered":"\n<p>A comemora\u00e7\u00e3o de um gol de Giorgian de Arrascaeta rendeu uma cena curiosa entre jogadores do Flamengo. Ap\u00f3s o lance na vit\u00f3ria sobre o Atl\u00e9tico-MG por 4 a 0, o zagueiro L\u00e9o Ortiz apareceu \u201cagredindo\u201d o lateral Guillermo Varela em meio \u00e0 festa rubro-negra. O momento rapidamente viralizou entre torcedores nas redes sociais e gerou coment\u00e1rios bem-humorados.<\/p>\n\n\n\n<p>Apesar da repercuss\u00e3o, tudo n\u00e3o passou de uma brincadeira entre companheiros de equipe. Ortiz e outros jogadores entraram na onda da comemora\u00e7\u00e3o mais efusiva, mostrando o clima leve e descontra\u00eddo no elenco ap\u00f3s mais um resultado positivo. A cena refor\u00e7a a uni\u00e3o do grupo e o ambiente saud\u00e1vel dentro do vesti\u00e1rio.<\/p>\n\n\n\n<figure class=\"wp-block-embed is-type-rich is-provider-twitter wp-block-embed-twitter\"><div class=\"wp-block-embed__wrapper\">\n<blockquote class=\"twitter-tweet\" data-width=\"500\" data-dnt=\"true\"><p lang=\"pt\" dir=\"ltr\">Bem bacana a vibra\u00e7\u00e3o dos companheiros com Varela logo ap\u00f3s o uruguaio acertar um cruzamento na medida para Arrascaeta marcar contra o Atl\u00e9tico-MG. <a href=\"https:\/\/twitter.com\/ColunadoFla?ref_src=twsrc%5Etfw\" target=\"_blank\" rel=\"noopener\">@ColunadoFla<\/a> <a href=\"https:\/\/t.co\/r3XYjC3mym\" target=\"_blank\">pic.twitter.com\/r3XYjC3mym<\/a><\/p>&mdash; Rodrigo Lima (@rodrigolima93_) <a href=\"https:\/\/twitter.com\/rodrigolima93_\/status\/2048741804426568132?ref_src=twsrc%5Etfw\" target=\"_blank\" rel=\"noopener\">April 27, 2026<\/a><\/blockquote><script async src=\"https:\/\/platform.twitter.com\/widgets.js\" charset=\"utf-8\"><\/script>\n<\/div><\/figure>\n\n\n\n<p>O epis\u00f3dio acontece justamente em meio a uma fase extremamente positiva do Flamengo. A equipe vive um grande momento na temporada e j\u00e1 acumula sete vit\u00f3rias consecutivas, somando partidas pelo Brasileir\u00e3o, Copa do Brasil e tamb\u00e9m pela Libertadores. Esse desempenho refor\u00e7a a consist\u00eancia do time e o bom trabalho coletivo apresentado nas \u00faltimas semanas.<\/p>\n\n\n\n<p>Com confian\u00e7a em alta e um futebol consistente, o time segue mostrando entrosamento e competitividade em alto n\u00edvel. A boa fase se reflete n\u00e3o s\u00f3 nos resultados, mas tamb\u00e9m no ambiente interno, onde at\u00e9 as \u201cagress\u00f5es\u201d viram motivo de risada entre os jogadores. O elenco demonstra estar fechado e focado em manter o ritmo positivo nas competi\u00e7\u00f5es.<\/p>\n\n\n\n<h2 class=\"wp-block-heading\">Flamengo encara o Estudiantes pela Libertadores<\/h2>\n\n\n\n<p>O Flamengo volta a campo nesta quarta-feira para mais um desafio importante na Copa Libertadores. A equipe enfrenta o Estudiantes fora de casa, em duelo v\u00e1lido pela fase de grupos da competi\u00e7\u00e3o continental. O confronto \u00e9 tratado como decisivo para a manuten\u00e7\u00e3o da lideran\u00e7a e do embalo recente. A expectativa \u00e9 de um jogo equilibrado diante de um advers\u00e1rio tradicional.<\/p>\n\n\n\n<p>A partida acontece \u00e0s 21h30 (de Bras\u00edlia), no est\u00e1dio Jorge Luis Hirschi, em La Plata, com transmiss\u00e3o ao vivo pela TV Globo e plataformas digitais. O duelo \u00e9 visto como fundamental para manter a sequ\u00eancia positiva e encaminhar a classifica\u00e7\u00e3o \u00e0 pr\u00f3xima fase.<\/p>\n\n\n\n<p><\/p>\n","protected":false},"excerpt":{"rendered":"<p>A comemora\u00e7\u00e3o de um gol de Giorgian de Arrascaeta rendeu uma cena curiosa entre jogadores do Flamengo. Ap\u00f3s o lance na vit\u00f3ria sobre o Atl\u00e9tico-MG por 4 a 0, o zagueiro L\u00e9o Ortiz apareceu \u201cagredindo\u201d o lateral Guillermo Varela em meio \u00e0 festa rubro-negra. O momento rapidamente viralizou entre torcedores nas redes sociais e gerou [&hellip;]<\/p>\n","protected":false},"author":4,"featured_media":26250,"comment_status":"open","ping_status":"open","sticky":false,"template":"","format":"standard","meta":{"jnews-multi-image_gallery":[],"jnews_single_post":{"format":"standard"},"jnews_primary_category":[],"jnews_social_meta":[],"jnews_post_split":[],"footnotes":""},"categories":[1],"tags":[],"class_list":["post-26247","post","type-post","status-publish","format-standard","has-post-thumbnail","hentry","category-uncategorized"],"_links":{"self":[{"href":"https:\/\/diariodepernambuco.audiencelabs.com.br\/wp-json\/wp\/v2\/posts\/26247","targetHints":{"allow":["GET"]}}],"collection":[{"href":"https:\/\/diariodepernambuco.audiencelabs.com.br\/wp-json\/wp\/v2\/posts"}],"about":[{"href":"https:\/\/diariodepernambuco.audiencelabs.com.br\/wp-json\/wp\/v2\/types\/post"}],"author":[{"embeddable":true,"href":"https:\/\/diariodepernambuco.audiencelabs.com.br\/wp-json\/wp\/v2\/users\/4"}],"replies":[{"embeddable":true,"href":"https:\/\/diariodepernambuco.audiencelabs.com.br\/wp-json\/wp\/v2\/comments?post=26247"}],"version-history":[{"count":3,"href":"https:\/\/diariodepernambuco.audiencelabs.com.br\/wp-json\/wp\/v2\/posts\/26247\/revisions"}],"predecessor-version":[{"id":26254,"href":"https:\/\/diariodepernambuco.audiencelabs.com.br\/wp-json\/wp\/v2\/posts\/26247\/revisions\/26254"}],"wp:featuredmedia":[{"embeddable":true,"href":"https:\/\/diariodepernambuco.audiencelabs.com.br\/wp-json\/wp\/v2\/media\/26250"}],"wp:attachment":[{"href":"https:\/\/diariodepernambuco.audiencelabs.com.br\/wp-json\/wp\/v2\/media?parent=26247"}],"wp:term":[{"taxonomy":"category","embeddable":true,"href":"https:\/\/diariodepernambuco.audiencelabs.com.br\/wp-json\/wp\/v2\/categories?post=26247"},{"taxonomy":"post_tag","embeddable":true,"href":"https:\/\/diariodepernambuco.audiencelabs.com.br\/wp-json\/wp\/v2\/tags?post=26247"}],"curies":[{"name":"wp","href":"https:\/\/api.w.org\/{rel}","templated":true}]}}