{"id":26260,"date":"2026-04-29T10:30:00","date_gmt":"2026-04-29T13:30:00","guid":{"rendered":"https:\/\/diariodepernambuco.audiencelabs.com.br\/?p=26260"},"modified":"2026-04-29T09:36:43","modified_gmt":"2026-04-29T12:36:43","slug":"governo-anuncia-fim-de-auxilio-para-mais-de-4-milhoes-de-brasileiros","status":"publish","type":"post","link":"https:\/\/diariodepernambuco.audiencelabs.com.br\/governo-anuncia-fim-de-auxilio-para-mais-de-4-milhoes-de-brasileiros\/","title":{"rendered":"Governo anuncia fim de aux\u00edlio para mais de 4 milh\u00f5es de brasileiros"},"content":{"rendered":"\n<p>O governo federal confirmou mudan\u00e7as importantes no pagamento do abono salarial, benef\u00edcio voltado a trabalhadores de baixa renda. Com as novas regras, milh\u00f5es de brasileiros deixar\u00e3o de receber o valor nos pr\u00f3ximos anos. A medida faz parte de um pacote de ajustes nas contas p\u00fablicas e altera os crit\u00e9rios de acesso ao programa.<\/p>\n\n\n\n<p>De acordo com estimativas do Minist\u00e9rio do Trabalho, cerca de 4,5 milh\u00f5es de trabalhadores devem perder o direito ao abono salarial at\u00e9 2030. Esse corte n\u00e3o acontece de forma imediata, mas sim progressiva ao longo dos anos. J\u00e1 em 2026, aproximadamente 559 mil pessoas deixar\u00e3o de receber o benef\u00edcio. A tend\u00eancia \u00e9 que esse n\u00famero aumente ano ap\u00f3s ano.<\/p>\n\n\n\n<p>A principal mudan\u00e7a est\u00e1 no limite de renda exigido para ter acesso ao benef\u00edcio. Antes, tinham direito trabalhadores que recebiam at\u00e9 dois sal\u00e1rios m\u00ednimos, mas agora esse teto passa a ser corrigido apenas pela infla\u00e7\u00e3o. Como o sal\u00e1rio m\u00ednimo tende a crescer acima da infla\u00e7\u00e3o, menos pessoas se enquadrar\u00e3o nas regras.<\/p>\n\n\n\n<p>Mesmo com a redu\u00e7\u00e3o no n\u00famero de benefici\u00e1rios, o governo afirma que o objetivo \u00e9 tornar o programa mais sustent\u00e1vel e direcionado a quem realmente precisa. A expectativa \u00e9 manter o equil\u00edbrio das contas p\u00fablicas sem extinguir completamente o benef\u00edcio. Ainda assim, a mudan\u00e7a j\u00e1 gera preocupa\u00e7\u00e3o entre trabalhadores que podem perder esse complemento de renda anual.<\/p>\n\n\n\n<h2 class=\"wp-block-heading\">Entenda quem ainda ter\u00e1 direito ao benef\u00edcio<\/h2>\n\n\n\n<p>O abono salarial continuar\u00e1 sendo pago, mas com crit\u00e9rios mais restritivos ao longo dos pr\u00f3ximos anos. Em 2026, por exemplo, ter\u00e3o direito ao benef\u00edcio trabalhadores que receberam, em m\u00e9dia, at\u00e9 cerca de 1,96 sal\u00e1rio m\u00ednimo no ano-base. Esse limite seguir\u00e1 caindo gradativamente at\u00e9 atingir patamares ainda menores at\u00e9 2030.<\/p>\n\n\n\n<p>O benef\u00edcio funciona como um pagamento anual que pode chegar ao valor de um sal\u00e1rio m\u00ednimo, dependendo do tempo trabalhado no ano-base. Ele \u00e9 destinado a trabalhadores com carteira assinada que atendem a requisitos como tempo m\u00ednimo de servi\u00e7o e cadastro no sistema PIS\/Pasep. Mesmo com as mudan\u00e7as, o programa continuar\u00e1 existindo.<\/p>\n\n\n\n<p><\/p>\n","protected":false},"excerpt":{"rendered":"<p>O governo federal confirmou mudan\u00e7as importantes no pagamento do abono salarial, benef\u00edcio voltado a trabalhadores de baixa renda. Com as novas regras, milh\u00f5es de brasileiros deixar\u00e3o de receber o valor nos pr\u00f3ximos anos. A medida faz parte de um pacote de ajustes nas contas p\u00fablicas e altera os crit\u00e9rios de acesso ao programa. De acordo [&hellip;]<\/p>\n","protected":false},"author":4,"featured_media":26122,"comment_status":"open","ping_status":"open","sticky":false,"template":"","format":"standard","meta":{"jnews-multi-image_gallery":[],"jnews_single_post":{"format":"standard"},"jnews_primary_category":[],"jnews_social_meta":[],"jnews_post_split":[],"footnotes":""},"categories":[1],"tags":[],"class_list":["post-26260","post","type-post","status-publish","format-standard","has-post-thumbnail","hentry","category-uncategorized"],"_links":{"self":[{"href":"https:\/\/diariodepernambuco.audiencelabs.com.br\/wp-json\/wp\/v2\/posts\/26260","targetHints":{"allow":["GET"]}}],"collection":[{"href":"https:\/\/diariodepernambuco.audiencelabs.com.br\/wp-json\/wp\/v2\/posts"}],"about":[{"href":"https:\/\/diariodepernambuco.audiencelabs.com.br\/wp-json\/wp\/v2\/types\/post"}],"author":[{"embeddable":true,"href":"https:\/\/diariodepernambuco.audiencelabs.com.br\/wp-json\/wp\/v2\/users\/4"}],"replies":[{"embeddable":true,"href":"https:\/\/diariodepernambuco.audiencelabs.com.br\/wp-json\/wp\/v2\/comments?post=26260"}],"version-history":[{"count":2,"href":"https:\/\/diariodepernambuco.audiencelabs.com.br\/wp-json\/wp\/v2\/posts\/26260\/revisions"}],"predecessor-version":[{"id":26264,"href":"https:\/\/diariodepernambuco.audiencelabs.com.br\/wp-json\/wp\/v2\/posts\/26260\/revisions\/26264"}],"wp:featuredmedia":[{"embeddable":true,"href":"https:\/\/diariodepernambuco.audiencelabs.com.br\/wp-json\/wp\/v2\/media\/26122"}],"wp:attachment":[{"href":"https:\/\/diariodepernambuco.audiencelabs.com.br\/wp-json\/wp\/v2\/media?parent=26260"}],"wp:term":[{"taxonomy":"category","embeddable":true,"href":"https:\/\/diariodepernambuco.audiencelabs.com.br\/wp-json\/wp\/v2\/categories?post=26260"},{"taxonomy":"post_tag","embeddable":true,"href":"https:\/\/diariodepernambuco.audiencelabs.com.br\/wp-json\/wp\/v2\/tags?post=26260"}],"curies":[{"name":"wp","href":"https:\/\/api.w.org\/{rel}","templated":true}]}}