{"id":26262,"date":"2026-04-29T09:52:07","date_gmt":"2026-04-29T12:52:07","guid":{"rendered":"https:\/\/diariodepernambuco.audiencelabs.com.br\/?p=26262"},"modified":"2026-04-29T09:52:08","modified_gmt":"2026-04-29T12:52:08","slug":"cachorro-mais-caro-do-mundo-custa-r-1-milhao-e-e-conhecido-como-guardiao-dos-gados","status":"publish","type":"post","link":"https:\/\/diariodepernambuco.audiencelabs.com.br\/cachorro-mais-caro-do-mundo-custa-r-1-milhao-e-e-conhecido-como-guardiao-dos-gados\/","title":{"rendered":"Cachorro mais caro do mundo custa R$ 1 milh\u00e3o e \u00e9 conhecido como guardi\u00e3o dos gados"},"content":{"rendered":"\n<p>O <strong>Mastim Tibetano<\/strong> \u00e9 conhecido como o cachorro mais caro do mundo e j\u00e1 chegou a ser vendido por cerca de <strong>R$ 1 milh\u00e3o<\/strong> na China. Em alguns pa\u00edses, principalmente na \u00c1sia, ele \u00e9 visto como um s\u00edmbolo de riqueza e status, o que aumenta ainda mais o seu valor.<\/p>\n\n\n\n<p>Por ser grande, forte e muito atento, o Mastim Tibetano se tornou um excelente guardi\u00e3o de gados. Essa ra\u00e7a surgiu em regi\u00f5es frias e montanhosas, onde era usada justamente para proteger rebanhos de animais contra predadores.<\/p>\n\n\n\n<h2 class=\"wp-block-heading\">Temperamento e estilo de vida<\/h2>\n\n\n\n<p>Mesmo com um tamanho grande, esse cachorro costuma ser calmo. Ele \u00e9 muito fiel \u00e0 fam\u00edlia, mas geralmente n\u00e3o \u00e9 muito soci\u00e1vel com pessoas desconhecidas. Isso faz com que ele seja um bom c\u00e3o de guarda, sem precisar ser agressivo o tempo todo.<\/p>\n\n\n\n<h2 class=\"wp-block-heading\">Espa\u00e7o \u00e9 indispens\u00e1vel<\/h2>\n\n\n\n<p>Quem pensa em ter um Mastim Tibetano precisa considerar o espa\u00e7o dispon\u00edvel. Ele n\u00e3o \u00e9 um cachorro indicado para lugares pequenos, pois precisa de \u00e1rea para se movimentar. Al\u00e9m disso, como est\u00e1 acostumado com o frio, pode sofrer em regi\u00f5es muito quentes, exigindo cuidados como sombra e bastante \u00e1gua fresca.<\/p>\n\n\n\n<h2 class=\"wp-block-heading\">Outras ra\u00e7as de alto valor<\/h2>\n\n\n\n<p>Apesar de liderar o ranking, o Mastim Tibetano n\u00e3o \u00e9 o \u00fanico com pre\u00e7o alto. O <strong>Samoieda<\/strong> pode custar mais de <strong>R$ 20 mil<\/strong>, o <strong>Esquim\u00f3 Canadense<\/strong> pode chegar a cerca de <strong>R$ 30 mil<\/strong>, e o <strong>Bulldog Franc\u00eas<\/strong>, principalmente em vers\u00f5es mais raras, tamb\u00e9m pode ultrapassar os <strong>R$ 30 mil<\/strong>.<\/p>\n","protected":false},"excerpt":{"rendered":"<p>O Mastim Tibetano \u00e9 conhecido como o cachorro mais caro do mundo e j\u00e1 chegou a ser vendido por cerca de R$ 1 milh\u00e3o na China. Em alguns pa\u00edses, principalmente na \u00c1sia, ele \u00e9 visto como um s\u00edmbolo de riqueza e status, o que aumenta ainda mais o seu valor. Por ser grande, forte e [&hellip;]<\/p>\n","protected":false},"author":17,"featured_media":26275,"comment_status":"open","ping_status":"open","sticky":false,"template":"","format":"standard","meta":{"jnews-multi-image_gallery":[],"jnews_single_post":{"format":"standard"},"jnews_primary_category":[],"jnews_social_meta":[],"jnews_post_split":[],"footnotes":""},"categories":[1],"tags":[],"class_list":["post-26262","post","type-post","status-publish","format-standard","has-post-thumbnail","hentry","category-uncategorized"],"_links":{"self":[{"href":"https:\/\/diariodepernambuco.audiencelabs.com.br\/wp-json\/wp\/v2\/posts\/26262","targetHints":{"allow":["GET"]}}],"collection":[{"href":"https:\/\/diariodepernambuco.audiencelabs.com.br\/wp-json\/wp\/v2\/posts"}],"about":[{"href":"https:\/\/diariodepernambuco.audiencelabs.com.br\/wp-json\/wp\/v2\/types\/post"}],"author":[{"embeddable":true,"href":"https:\/\/diariodepernambuco.audiencelabs.com.br\/wp-json\/wp\/v2\/users\/17"}],"replies":[{"embeddable":true,"href":"https:\/\/diariodepernambuco.audiencelabs.com.br\/wp-json\/wp\/v2\/comments?post=26262"}],"version-history":[{"count":2,"href":"https:\/\/diariodepernambuco.audiencelabs.com.br\/wp-json\/wp\/v2\/posts\/26262\/revisions"}],"predecessor-version":[{"id":26280,"href":"https:\/\/diariodepernambuco.audiencelabs.com.br\/wp-json\/wp\/v2\/posts\/26262\/revisions\/26280"}],"wp:featuredmedia":[{"embeddable":true,"href":"https:\/\/diariodepernambuco.audiencelabs.com.br\/wp-json\/wp\/v2\/media\/26275"}],"wp:attachment":[{"href":"https:\/\/diariodepernambuco.audiencelabs.com.br\/wp-json\/wp\/v2\/media?parent=26262"}],"wp:term":[{"taxonomy":"category","embeddable":true,"href":"https:\/\/diariodepernambuco.audiencelabs.com.br\/wp-json\/wp\/v2\/categories?post=26262"},{"taxonomy":"post_tag","embeddable":true,"href":"https:\/\/diariodepernambuco.audiencelabs.com.br\/wp-json\/wp\/v2\/tags?post=26262"}],"curies":[{"name":"wp","href":"https:\/\/api.w.org\/{rel}","templated":true}]}}