{"id":26266,"date":"2026-04-29T11:00:00","date_gmt":"2026-04-29T14:00:00","guid":{"rendered":"https:\/\/diariodepernambuco.audiencelabs.com.br\/?p=26266"},"modified":"2026-04-29T09:43:27","modified_gmt":"2026-04-29T12:43:27","slug":"luto-treinador-historico-da-selecao-brasileira-acaba-de-falecer","status":"publish","type":"post","link":"https:\/\/diariodepernambuco.audiencelabs.com.br\/luto-treinador-historico-da-selecao-brasileira-acaba-de-falecer\/","title":{"rendered":"Luto! Treinador hist\u00f3rico da Sele\u00e7\u00e3o Brasileira acaba de falecer"},"content":{"rendered":"\n<p>O esporte brasileiro amanheceu de luto com a morte de Moncho Monsalve, ex-t\u00e9cnico da Sele\u00e7\u00e3o Brasileira masculina de basquete. O espanhol faleceu aos 81 anos, deixando uma trajet\u00f3ria marcante no cen\u00e1rio esportivo internacional. A not\u00edcia foi confirmada nesta ter\u00e7a-feira e rapidamente repercutiu entre torcedores, atletas e dirigentes.<\/p>\n\n\n\n<p>Monsalve comandou a Sele\u00e7\u00e3o Brasileira entre 2008 e 2010 e teve papel fundamental em um per\u00edodo importante da equipe. Sob seu comando, o Brasil conquistou a Copa Am\u00e9rica de 2009, resultado que garantiu vaga no Mundial de 2010. O treinador tamb\u00e9m foi respons\u00e1vel por ajudar a recolocar a sele\u00e7\u00e3o em evid\u00eancia no cen\u00e1rio internacional.<\/p>\n\n\n<div class=\"wp-block-image\">\n<figure class=\"aligncenter size-full is-resized\"><img loading=\"lazy\" decoding=\"async\" width=\"984\" height=\"554\" src=\"https:\/\/diariodepernambuco.audiencelabs.com.br\/wp-content\/uploads\/2026\/04\/Monsalve.avif\" alt=\"\" class=\"wp-image-26269\" style=\"aspect-ratio:1.7761943417215358;width:593px;height:auto\" srcset=\"https:\/\/diariodepernambuco.audiencelabs.com.br\/wp-content\/uploads\/2026\/04\/Monsalve.avif 984w, https:\/\/diariodepernambuco.audiencelabs.com.br\/wp-content\/uploads\/2026\/04\/Monsalve-300x169.avif 300w, https:\/\/diariodepernambuco.audiencelabs.com.br\/wp-content\/uploads\/2026\/04\/Monsalve-768x432.avif 768w, https:\/\/diariodepernambuco.audiencelabs.com.br\/wp-content\/uploads\/2026\/04\/Monsalve-750x422.avif 750w\" sizes=\"auto, (max-width: 984px) 100vw, 984px\" \/><figcaption class=\"wp-element-caption\">Moncho Monsalve ex-t\u00e9cnico da sele\u00e7\u00e3o brasileira de basquete \u2014 Foto: CBB<\/figcaption><\/figure>\n<\/div>\n\n\n<p>Al\u00e9m do sucesso com a Sele\u00e7\u00e3o Brasileira, Monsalve construiu uma carreira s\u00f3lida tamb\u00e9m como jogador e treinador na Europa. Ele foi destaque no basquete espanhol, inclusive defendendo o Real Madrid durante sua trajet\u00f3ria como atleta. Posteriormente, acumulou experi\u00eancias como t\u00e9cnico em diversos clubes e sele\u00e7\u00f5es ao redor do mundo.<\/p>\n\n\n\n<p>A morte do treinador gerou como\u00e7\u00e3o no meio esportivo, com diversas homenagens sendo prestadas por entidades e f\u00e3s do basquete. A Confedera\u00e7\u00e3o Brasileira de Basquete destacou seu legado e import\u00e2ncia hist\u00f3rica para a modalidade.<\/p>\n\n\n\n<h2 class=\"wp-block-heading\">Legado marcante no basquete mundial<\/h2>\n\n\n\n<p>Conhecido por sua vis\u00e3o t\u00e1tica e dedica\u00e7\u00e3o ao esporte, Monsalve teve uma carreira de mais de cinco d\u00e9cadas ligada ao basquete. Ele contribuiu tanto dentro de quadra, como jogador, quanto fora dela, como treinador e formador de atletas. Sua passagem por diferentes pa\u00edses refor\u00e7a o impacto global de seu trabalho.<\/p>\n\n\n\n<p>Mesmo ap\u00f3s deixar o comando da Sele\u00e7\u00e3o Brasileira, seu nome continuou sendo respeitado como uma das grandes refer\u00eancias do basquete. O t\u00edtulo da Copa Am\u00e9rica de 2009 segue como um dos principais marcos de sua carreira com o Brasil. Sua hist\u00f3ria permanece viva entre f\u00e3s e profissionais do esporte.<\/p>\n\n\n\n<p><\/p>\n","protected":false},"excerpt":{"rendered":"<p>O esporte brasileiro amanheceu de luto com a morte de Moncho Monsalve, ex-t\u00e9cnico da Sele\u00e7\u00e3o Brasileira masculina de basquete. O espanhol faleceu aos 81 anos, deixando uma trajet\u00f3ria marcante no cen\u00e1rio esportivo internacional. A not\u00edcia foi confirmada nesta ter\u00e7a-feira e rapidamente repercutiu entre torcedores, atletas e dirigentes. Monsalve comandou a Sele\u00e7\u00e3o Brasileira entre 2008 e [&hellip;]<\/p>\n","protected":false},"author":4,"featured_media":2965,"comment_status":"open","ping_status":"open","sticky":false,"template":"","format":"standard","meta":{"jnews-multi-image_gallery":[],"jnews_single_post":{"format":"standard"},"jnews_primary_category":[],"jnews_social_meta":[],"jnews_post_split":[],"footnotes":""},"categories":[1],"tags":[],"class_list":["post-26266","post","type-post","status-publish","format-standard","has-post-thumbnail","hentry","category-uncategorized"],"_links":{"self":[{"href":"https:\/\/diariodepernambuco.audiencelabs.com.br\/wp-json\/wp\/v2\/posts\/26266","targetHints":{"allow":["GET"]}}],"collection":[{"href":"https:\/\/diariodepernambuco.audiencelabs.com.br\/wp-json\/wp\/v2\/posts"}],"about":[{"href":"https:\/\/diariodepernambuco.audiencelabs.com.br\/wp-json\/wp\/v2\/types\/post"}],"author":[{"embeddable":true,"href":"https:\/\/diariodepernambuco.audiencelabs.com.br\/wp-json\/wp\/v2\/users\/4"}],"replies":[{"embeddable":true,"href":"https:\/\/diariodepernambuco.audiencelabs.com.br\/wp-json\/wp\/v2\/comments?post=26266"}],"version-history":[{"count":2,"href":"https:\/\/diariodepernambuco.audiencelabs.com.br\/wp-json\/wp\/v2\/posts\/26266\/revisions"}],"predecessor-version":[{"id":26270,"href":"https:\/\/diariodepernambuco.audiencelabs.com.br\/wp-json\/wp\/v2\/posts\/26266\/revisions\/26270"}],"wp:featuredmedia":[{"embeddable":true,"href":"https:\/\/diariodepernambuco.audiencelabs.com.br\/wp-json\/wp\/v2\/media\/2965"}],"wp:attachment":[{"href":"https:\/\/diariodepernambuco.audiencelabs.com.br\/wp-json\/wp\/v2\/media?parent=26266"}],"wp:term":[{"taxonomy":"category","embeddable":true,"href":"https:\/\/diariodepernambuco.audiencelabs.com.br\/wp-json\/wp\/v2\/categories?post=26266"},{"taxonomy":"post_tag","embeddable":true,"href":"https:\/\/diariodepernambuco.audiencelabs.com.br\/wp-json\/wp\/v2\/tags?post=26266"}],"curies":[{"name":"wp","href":"https:\/\/api.w.org\/{rel}","templated":true}]}}