{"id":26271,"date":"2026-04-29T11:30:00","date_gmt":"2026-04-29T14:30:00","guid":{"rendered":"https:\/\/diariodepernambuco.audiencelabs.com.br\/?p=26271"},"modified":"2026-04-29T09:51:02","modified_gmt":"2026-04-29T12:51:02","slug":"funcionaria-processou-havan-ganhou-indenizacao-e-empresa-foi-condenada","status":"publish","type":"post","link":"https:\/\/diariodepernambuco.audiencelabs.com.br\/funcionaria-processou-havan-ganhou-indenizacao-e-empresa-foi-condenada\/","title":{"rendered":"Funcion\u00e1ria processou Havan, ganhou indeniza\u00e7\u00e3o e empresa foi condenada"},"content":{"rendered":"\n<p>No Mem\u00f3ria do Di\u00e1rio de hoje vamos recordar um caso pol\u00eamico envolvendo a Havan, uma das maiores redes de varejo do Brasil. A situa\u00e7\u00e3o ganhou repercuss\u00e3o ap\u00f3s uma ex-funcion\u00e1ria acionar a Justi\u00e7a do Trabalho contra a empresa. O processo envolveu alega\u00e7\u00f5es s\u00e9rias relacionadas ao ambiente profissional e \u00e0s condi\u00e7\u00f5es enfrentadas durante o per\u00edodo de trabalho.<\/p>\n\n\n\n<p>De acordo com as informa\u00e7\u00f5es do processo, a trabalhadora afirmou ter sido submetida a situa\u00e7\u00f5es constrangedoras durante sua atua\u00e7\u00e3o na empresa. Entre os pontos levantados, estavam cobran\u00e7as excessivas e epis\u00f3dios que teriam afetado sua dignidade no ambiente de trabalho. Ap\u00f3s ser demitida, ela decidiu levar o caso \u00e0 Justi\u00e7a em busca de repara\u00e7\u00e3o.<\/p>\n\n\n\n<p>A a\u00e7\u00e3o acabou evoluindo e resultou em uma decis\u00e3o favor\u00e1vel \u00e0 ex-funcion\u00e1ria. A Justi\u00e7a reconheceu que houve irregularidades na conduta adotada pela empresa e determinou o pagamento de indeniza\u00e7\u00e3o \u00e0 trabalhadora. O valor estipulado levou em considera\u00e7\u00e3o os danos morais sofridos, conforme entendimento do tribunal respons\u00e1vel pelo caso.<\/p>\n\n\n\n<p>Apesar da condena\u00e7\u00e3o, a Havan segue operando normalmente e n\u00e3o comentou amplamente o caso ap\u00f3s a decis\u00e3o judicial. Situa\u00e7\u00f5es como essa costumam repercutir de forma significativa, principalmente quando envolvem grandes empresas. O caso permanece como um exemplo de como quest\u00f5es trabalhistas podem ganhar grande visibilidade.<\/p>\n\n\n\n<h2 class=\"wp-block-heading\">Caso gerou debates sobre ambiente de trabalho<\/h2>\n\n\n\n<p>O caso ocorreu em Praia Grande e trouxe \u00e0 tona discuss\u00f5es importantes sobre o ambiente profissional dentro de grandes empresas. A Justi\u00e7a do Trabalho condenou a Havan ao pagamento de R$ 10 mil por danos morais \u00e0 ex-funcion\u00e1ria. A decis\u00e3o considerou que houve viola\u00e7\u00e3o \u00e0 dignidade da trabalhadora durante o per\u00edodo em que esteve empregada.<\/p>\n\n\n\n<p>O epis\u00f3dio ganhou repercuss\u00e3o e ampliou o debate sobre direitos trabalhistas. Al\u00e9m disso, especialistas refor\u00e7am que empresas devem adotar pr\u00e1ticas mais r\u00edgidas para garantir um ambiente saud\u00e1vel e respeitoso. O respeito \u00e0s normas trabalhistas \u00e9 fundamental para evitar situa\u00e7\u00f5es semelhantes e poss\u00edveis a\u00e7\u00f5es judiciais.<\/p>\n\n\n\n<p><\/p>\n","protected":false},"excerpt":{"rendered":"<p>No Mem\u00f3ria do Di\u00e1rio de hoje vamos recordar um caso pol\u00eamico envolvendo a Havan, uma das maiores redes de varejo do Brasil. A situa\u00e7\u00e3o ganhou repercuss\u00e3o ap\u00f3s uma ex-funcion\u00e1ria acionar a Justi\u00e7a do Trabalho contra a empresa. O processo envolveu alega\u00e7\u00f5es s\u00e9rias relacionadas ao ambiente profissional e \u00e0s condi\u00e7\u00f5es enfrentadas durante o per\u00edodo de trabalho. [&hellip;]<\/p>\n","protected":false},"author":4,"featured_media":26273,"comment_status":"open","ping_status":"open","sticky":false,"template":"","format":"standard","meta":{"jnews-multi-image_gallery":[],"jnews_single_post":{"format":"standard"},"jnews_primary_category":[],"jnews_social_meta":[],"jnews_post_split":[],"footnotes":""},"categories":[1],"tags":[],"class_list":["post-26271","post","type-post","status-publish","format-standard","has-post-thumbnail","hentry","category-uncategorized"],"_links":{"self":[{"href":"https:\/\/diariodepernambuco.audiencelabs.com.br\/wp-json\/wp\/v2\/posts\/26271","targetHints":{"allow":["GET"]}}],"collection":[{"href":"https:\/\/diariodepernambuco.audiencelabs.com.br\/wp-json\/wp\/v2\/posts"}],"about":[{"href":"https:\/\/diariodepernambuco.audiencelabs.com.br\/wp-json\/wp\/v2\/types\/post"}],"author":[{"embeddable":true,"href":"https:\/\/diariodepernambuco.audiencelabs.com.br\/wp-json\/wp\/v2\/users\/4"}],"replies":[{"embeddable":true,"href":"https:\/\/diariodepernambuco.audiencelabs.com.br\/wp-json\/wp\/v2\/comments?post=26271"}],"version-history":[{"count":3,"href":"https:\/\/diariodepernambuco.audiencelabs.com.br\/wp-json\/wp\/v2\/posts\/26271\/revisions"}],"predecessor-version":[{"id":26277,"href":"https:\/\/diariodepernambuco.audiencelabs.com.br\/wp-json\/wp\/v2\/posts\/26271\/revisions\/26277"}],"wp:featuredmedia":[{"embeddable":true,"href":"https:\/\/diariodepernambuco.audiencelabs.com.br\/wp-json\/wp\/v2\/media\/26273"}],"wp:attachment":[{"href":"https:\/\/diariodepernambuco.audiencelabs.com.br\/wp-json\/wp\/v2\/media?parent=26271"}],"wp:term":[{"taxonomy":"category","embeddable":true,"href":"https:\/\/diariodepernambuco.audiencelabs.com.br\/wp-json\/wp\/v2\/categories?post=26271"},{"taxonomy":"post_tag","embeddable":true,"href":"https:\/\/diariodepernambuco.audiencelabs.com.br\/wp-json\/wp\/v2\/tags?post=26271"}],"curies":[{"name":"wp","href":"https:\/\/api.w.org\/{rel}","templated":true}]}}