{"id":26282,"date":"2026-04-29T10:21:13","date_gmt":"2026-04-29T13:21:13","guid":{"rendered":"https:\/\/diariodepernambuco.audiencelabs.com.br\/?p=26282"},"modified":"2026-04-29T10:21:16","modified_gmt":"2026-04-29T13:21:16","slug":"cidade-mais-verde-do-brasil-tem-1-milhao-de-arvores-e-fica-em-regiao-do-cerrado","status":"publish","type":"post","link":"https:\/\/diariodepernambuco.audiencelabs.com.br\/cidade-mais-verde-do-brasil-tem-1-milhao-de-arvores-e-fica-em-regiao-do-cerrado\/","title":{"rendered":"Cidade mais verde do Brasil tem 1 milh\u00e3o de \u00e1rvores e fica em regi\u00e3o do Cerrado"},"content":{"rendered":"\n<p>Em meio ao clima quente e seco do Cerrado, <strong>Goi\u00e2nia<\/strong> chama aten\u00e7\u00e3o pela quantidade de \u00e1rvores espalhadas por toda a cidade. S\u00e3o cerca de 1 milh\u00e3o, presentes em ruas, avenidas, pra\u00e7as e parques, formando um cen\u00e1rio bem diferente do que muita gente imagina para a cidade.<\/p>\n\n\n\n<p>Segundo o site <em>Estado de Minas<\/em>, a cidade foi planejada para crescer junto com a natureza, levando em conta fatores como o clima, o tipo de solo e at\u00e9 o espa\u00e7o das cal\u00e7adas. As \u00e1rvores s\u00e3o plantadas de forma planejada para trazer sombra, melhorar o ar e deixar o ambiente mais agrad\u00e1vel para quem vive ali. Al\u00e9m disso, as cal\u00e7adas mais largas ajudam a acomodar as \u00e1rvores sem atrapalhar a circula\u00e7\u00e3o das pessoas.<\/p>\n\n\n\n<h2 class=\"wp-block-heading\">Parques e espa\u00e7os para respirar<\/h2>\n\n\n\n<p>Goi\u00e2nia tamb\u00e9m se destaca pela quantidade de parques e \u00e1reas verdes. S\u00e3o<strong> mais de 70 parques e bosques<\/strong>, al\u00e9m de <strong>205 \u00e1reas verdes<\/strong>. Ao mesmo tempo em que esses ambientes ajudam a manter o equil\u00edbrio ambiental e a preservar a natureza, eles tamb\u00e9m funcionam como locais onde as pessoas podem caminhar, praticar exerc\u00edcios ou s\u00f3 relaxar.<\/p>\n\n\n\n<p>Toda essa <em>presen\u00e7a do verde<\/em> faz diferen\u00e7a na rotina, j\u00e1 que as ruas ficam menos quentes e o ar tende a ser mais limpo, e isso contribui para uma melhor qualidade de vida dos moradores.<\/p>\n","protected":false},"excerpt":{"rendered":"<p>Em meio ao clima quente e seco do Cerrado, Goi\u00e2nia chama aten\u00e7\u00e3o pela quantidade de \u00e1rvores espalhadas por toda a cidade. S\u00e3o cerca de 1 milh\u00e3o, presentes em ruas, avenidas, pra\u00e7as e parques, formando um cen\u00e1rio bem diferente do que muita gente imagina para a cidade. Segundo o site Estado de Minas, a cidade foi [&hellip;]<\/p>\n","protected":false},"author":17,"featured_media":26297,"comment_status":"open","ping_status":"open","sticky":false,"template":"","format":"standard","meta":{"jnews-multi-image_gallery":[],"jnews_single_post":{"format":"standard"},"jnews_primary_category":[],"jnews_social_meta":[],"jnews_post_split":[],"footnotes":""},"categories":[1],"tags":[],"class_list":["post-26282","post","type-post","status-publish","format-standard","has-post-thumbnail","hentry","category-uncategorized"],"_links":{"self":[{"href":"https:\/\/diariodepernambuco.audiencelabs.com.br\/wp-json\/wp\/v2\/posts\/26282","targetHints":{"allow":["GET"]}}],"collection":[{"href":"https:\/\/diariodepernambuco.audiencelabs.com.br\/wp-json\/wp\/v2\/posts"}],"about":[{"href":"https:\/\/diariodepernambuco.audiencelabs.com.br\/wp-json\/wp\/v2\/types\/post"}],"author":[{"embeddable":true,"href":"https:\/\/diariodepernambuco.audiencelabs.com.br\/wp-json\/wp\/v2\/users\/17"}],"replies":[{"embeddable":true,"href":"https:\/\/diariodepernambuco.audiencelabs.com.br\/wp-json\/wp\/v2\/comments?post=26282"}],"version-history":[{"count":2,"href":"https:\/\/diariodepernambuco.audiencelabs.com.br\/wp-json\/wp\/v2\/posts\/26282\/revisions"}],"predecessor-version":[{"id":26298,"href":"https:\/\/diariodepernambuco.audiencelabs.com.br\/wp-json\/wp\/v2\/posts\/26282\/revisions\/26298"}],"wp:featuredmedia":[{"embeddable":true,"href":"https:\/\/diariodepernambuco.audiencelabs.com.br\/wp-json\/wp\/v2\/media\/26297"}],"wp:attachment":[{"href":"https:\/\/diariodepernambuco.audiencelabs.com.br\/wp-json\/wp\/v2\/media?parent=26282"}],"wp:term":[{"taxonomy":"category","embeddable":true,"href":"https:\/\/diariodepernambuco.audiencelabs.com.br\/wp-json\/wp\/v2\/categories?post=26282"},{"taxonomy":"post_tag","embeddable":true,"href":"https:\/\/diariodepernambuco.audiencelabs.com.br\/wp-json\/wp\/v2\/tags?post=26282"}],"curies":[{"name":"wp","href":"https:\/\/api.w.org\/{rel}","templated":true}]}}