{"id":26284,"date":"2026-04-29T12:45:00","date_gmt":"2026-04-29T15:45:00","guid":{"rendered":"https:\/\/diariodepernambuco.audiencelabs.com.br\/?p=26284"},"modified":"2026-04-29T10:01:54","modified_gmt":"2026-04-29T13:01:54","slug":"dono-da-havan-vai-construir-maior-predio-do-mundo-em-cidade-de-classe-alta-do-brasil","status":"publish","type":"post","link":"https:\/\/diariodepernambuco.audiencelabs.com.br\/dono-da-havan-vai-construir-maior-predio-do-mundo-em-cidade-de-classe-alta-do-brasil\/","title":{"rendered":"Dono da Havan vai construir maior pr\u00e9dio do mundo em cidade de classe alta do Brasil"},"content":{"rendered":"\n<p>O empres\u00e1rio Luciano Hang, conhecido por comandar a Havan, est\u00e1 envolvido em um dos projetos mais ambiciosos da constru\u00e7\u00e3o civil mundial. Trata-se do Senna Tower, empreendimento que promete se tornar o maior pr\u00e9dio residencial do planeta. O projeto est\u00e1 sendo desenvolvido em parceria com grandes empresas do setor imobili\u00e1rio.<\/p>\n\n\n\n<p>O edif\u00edcio est\u00e1 sendo constru\u00eddo em Balne\u00e1rio Cambori\u00fa, cidade conhecida pelo alto padr\u00e3o imobili\u00e1rio e pelo metro quadrado mais valorizado do pa\u00eds. A torre deve ultrapassar os 550 metros de altura e contar com mais de 150 andares. Al\u00e9m disso, o empreendimento ter\u00e1 228 unidades residenciais de luxo, incluindo mans\u00f5es suspensas e coberturas milion\u00e1rias.<\/p>\n\n\n\n<p>Embora a not\u00edcia tenha ganhado destaque meses atr\u00e1s, as obras j\u00e1 avan\u00e7aram significativamente em 2026. A constru\u00e7\u00e3o come\u00e7ou em setembro de 2025 e segue em ritmo acelerado, com investimentos milion\u00e1rios em tecnologia e equipamentos in\u00e9ditos no Brasil. M\u00e1quinas modernas est\u00e3o sendo utilizadas para acelerar a funda\u00e7\u00e3o e aumentar a efici\u00eancia da obra.<\/p>\n\n\n\n<p>O investimento total no projeto ultrapassa os R$ 3 bilh\u00f5es, com previs\u00e3o de conclus\u00e3o apenas na pr\u00f3xima d\u00e9cada. A estimativa \u00e9 que o pr\u00e9dio fique pronto entre 2033 e 2035, consolidando-se como um novo \u00edcone da arquitetura mundial. Mesmo antes da entrega, o empreendimento j\u00e1 movimenta bilh\u00f5es em vendas e atrai investidores do Brasil e do exterior.<\/p>\n\n\n\n<h2 class=\"wp-block-heading\">Projeto bilion\u00e1rio promete transformar cidade brasileira<\/h2>\n\n\n\n<p>O Senna Tower n\u00e3o ser\u00e1 apenas um pr\u00e9dio residencial, mas tamb\u00e9m um novo ponto tur\u00edstico de luxo no Brasil. O empreendimento contar\u00e1 com \u00e1reas abertas ao p\u00fablico, incluindo espa\u00e7os comerciais, lazer e experi\u00eancias exclusivas. A proposta \u00e9 transformar ainda mais Balne\u00e1rio Cambori\u00fa em refer\u00eancia internacional em arquitetura e sofistica\u00e7\u00e3o.<\/p>\n\n\n\n<p>Al\u00e9m disso, o projeto carrega forte simbolismo ao homenagear o legado de Ayrton Senna, um dos maiores \u00eddolos do esporte mundial. Com design inspirado em supera\u00e7\u00e3o e inova\u00e7\u00e3o, a torre deve se tornar um marco hist\u00f3rico da engenharia moderna. A expectativa \u00e9 de que o empreendimento impacte diretamente a economia local e o turismo de alto padr\u00e3o.<\/p>\n\n\n\n<p><\/p>\n","protected":false},"excerpt":{"rendered":"<p>O empres\u00e1rio Luciano Hang, conhecido por comandar a Havan, est\u00e1 envolvido em um dos projetos mais ambiciosos da constru\u00e7\u00e3o civil mundial. Trata-se do Senna Tower, empreendimento que promete se tornar o maior pr\u00e9dio residencial do planeta. O projeto est\u00e1 sendo desenvolvido em parceria com grandes empresas do setor imobili\u00e1rio. O edif\u00edcio est\u00e1 sendo constru\u00eddo em [&hellip;]<\/p>\n","protected":false},"author":4,"featured_media":15032,"comment_status":"open","ping_status":"open","sticky":false,"template":"","format":"standard","meta":{"jnews-multi-image_gallery":[],"jnews_single_post":{"format":"standard"},"jnews_primary_category":[],"jnews_social_meta":[],"jnews_post_split":[],"footnotes":""},"categories":[1],"tags":[],"class_list":["post-26284","post","type-post","status-publish","format-standard","has-post-thumbnail","hentry","category-uncategorized"],"_links":{"self":[{"href":"https:\/\/diariodepernambuco.audiencelabs.com.br\/wp-json\/wp\/v2\/posts\/26284","targetHints":{"allow":["GET"]}}],"collection":[{"href":"https:\/\/diariodepernambuco.audiencelabs.com.br\/wp-json\/wp\/v2\/posts"}],"about":[{"href":"https:\/\/diariodepernambuco.audiencelabs.com.br\/wp-json\/wp\/v2\/types\/post"}],"author":[{"embeddable":true,"href":"https:\/\/diariodepernambuco.audiencelabs.com.br\/wp-json\/wp\/v2\/users\/4"}],"replies":[{"embeddable":true,"href":"https:\/\/diariodepernambuco.audiencelabs.com.br\/wp-json\/wp\/v2\/comments?post=26284"}],"version-history":[{"count":3,"href":"https:\/\/diariodepernambuco.audiencelabs.com.br\/wp-json\/wp\/v2\/posts\/26284\/revisions"}],"predecessor-version":[{"id":26289,"href":"https:\/\/diariodepernambuco.audiencelabs.com.br\/wp-json\/wp\/v2\/posts\/26284\/revisions\/26289"}],"wp:featuredmedia":[{"embeddable":true,"href":"https:\/\/diariodepernambuco.audiencelabs.com.br\/wp-json\/wp\/v2\/media\/15032"}],"wp:attachment":[{"href":"https:\/\/diariodepernambuco.audiencelabs.com.br\/wp-json\/wp\/v2\/media?parent=26284"}],"wp:term":[{"taxonomy":"category","embeddable":true,"href":"https:\/\/diariodepernambuco.audiencelabs.com.br\/wp-json\/wp\/v2\/categories?post=26284"},{"taxonomy":"post_tag","embeddable":true,"href":"https:\/\/diariodepernambuco.audiencelabs.com.br\/wp-json\/wp\/v2\/tags?post=26284"}],"curies":[{"name":"wp","href":"https:\/\/api.w.org\/{rel}","templated":true}]}}