{"id":26290,"date":"2026-04-29T13:15:00","date_gmt":"2026-04-29T16:15:00","guid":{"rendered":"https:\/\/diariodepernambuco.audiencelabs.com.br\/?p=26290"},"modified":"2026-04-29T10:06:32","modified_gmt":"2026-04-29T13:06:32","slug":"passo-a-passo-como-assistir-estudiantes-x-flamengo-pela-libertadores","status":"publish","type":"post","link":"https:\/\/diariodepernambuco.audiencelabs.com.br\/passo-a-passo-como-assistir-estudiantes-x-flamengo-pela-libertadores\/","title":{"rendered":"Passo a passo: como assistir Estudiantes x Flamengo pela Libertadores"},"content":{"rendered":"\n<p>O confronto entre Estudiantes e Flamengo acontece nesta quarta-feira (29), \u00e0s 21h30 (de Bras\u00edlia), pela fase de grupos da Copa Libertadores. A partida ser\u00e1 disputada no est\u00e1dio Jorge Luis Hirschi, em La Plata, na Argentina. O duelo marca mais um cap\u00edtulo recente entre as equipes, que j\u00e1 se enfrentaram em mata-mata na \u00faltima edi\u00e7\u00e3o do torneio.<\/p>\n\n\n\n<p>Para assistir ao jogo ao vivo, o torcedor ter\u00e1 algumas op\u00e7\u00f5es tanto na TV quanto no streaming. A transmiss\u00e3o ser\u00e1 feita pela TV Globo (em TV aberta) e tamb\u00e9m pelo servi\u00e7o Paramount+, al\u00e9m do Globoplay com sinal liberado em algumas regi\u00f5es. O ge.globo acompanha todos os lances em tempo real pela internet, com cobertura completa.<\/p>\n\n\n\n<p>Dentro de campo, o Flamengo chega embalado por uma sequ\u00eancia de sete vit\u00f3rias consecutivas na temporada. A equipe lidera o Grupo A com 100% de aproveitamento e busca manter o desempenho fora de casa. J\u00e1 o Estudiantes vive bom momento e ocupa a segunda coloca\u00e7\u00e3o, o que torna o confronto ainda mais equilibrado.<\/p>\n\n\n\n<p>A arbitragem da partida ser\u00e1 comandada pelo chileno Piero Maza, auxiliado por seus compatriotas Jose Retamal e Miguel Rocha. No VAR, o respons\u00e1vel ser\u00e1 Juan Lara, tamb\u00e9m do Chile.<\/p>\n\n\n\n<h2 class=\"wp-block-heading\">Prov\u00e1veis escala\u00e7\u00f5es e detalhes do jogo<\/h2>\n\n\n\n<p>O Estudiantes deve entrar em campo com Muslera; Mancuso, Gonz\u00e1lez P\u00edrez, Tom\u00e1s Palacios e Benedetti; Amondarain, Piovi, Tiago Palacios, Facundo Far\u00edas e Cetr\u00e9; Carrillo. J\u00e1 o Flamengo, comandado por Leonardo Jardim, pode ter Rossi; Varela, L\u00e9o Ortiz, Danilo e Alex Sandro; Evertton Ara\u00fajo, Jorginho e Arrascaeta; Plata, Samuel Lino e Pedro.<\/p>\n\n\n\n<p>Entre os desfalques, o Flamengo n\u00e3o conta com L\u00e9o Pereira, al\u00e9m de outros jogadores em recupera\u00e7\u00e3o f\u00edsica, o que pode influenciar na forma\u00e7\u00e3o inicial. O confronto tamb\u00e9m carrega hist\u00f3rico recente equilibrado e promete ser decisivo para a lideran\u00e7a do grupo. Com estilos diferentes, brasileiros e argentinos devem protagonizar um jogo intenso e estrat\u00e9gico.<\/p>\n\n\n\n<p><\/p>\n","protected":false},"excerpt":{"rendered":"<p>O confronto entre Estudiantes e Flamengo acontece nesta quarta-feira (29), \u00e0s 21h30 (de Bras\u00edlia), pela fase de grupos da Copa Libertadores. A partida ser\u00e1 disputada no est\u00e1dio Jorge Luis Hirschi, em La Plata, na Argentina. O duelo marca mais um cap\u00edtulo recente entre as equipes, que j\u00e1 se enfrentaram em mata-mata na \u00faltima edi\u00e7\u00e3o do [&hellip;]<\/p>\n","protected":false},"author":4,"featured_media":26293,"comment_status":"open","ping_status":"open","sticky":false,"template":"","format":"standard","meta":{"jnews-multi-image_gallery":[],"jnews_single_post":{"format":"standard"},"jnews_primary_category":[],"jnews_social_meta":[],"jnews_post_split":[],"footnotes":""},"categories":[1],"tags":[],"class_list":["post-26290","post","type-post","status-publish","format-standard","has-post-thumbnail","hentry","category-uncategorized"],"_links":{"self":[{"href":"https:\/\/diariodepernambuco.audiencelabs.com.br\/wp-json\/wp\/v2\/posts\/26290","targetHints":{"allow":["GET"]}}],"collection":[{"href":"https:\/\/diariodepernambuco.audiencelabs.com.br\/wp-json\/wp\/v2\/posts"}],"about":[{"href":"https:\/\/diariodepernambuco.audiencelabs.com.br\/wp-json\/wp\/v2\/types\/post"}],"author":[{"embeddable":true,"href":"https:\/\/diariodepernambuco.audiencelabs.com.br\/wp-json\/wp\/v2\/users\/4"}],"replies":[{"embeddable":true,"href":"https:\/\/diariodepernambuco.audiencelabs.com.br\/wp-json\/wp\/v2\/comments?post=26290"}],"version-history":[{"count":3,"href":"https:\/\/diariodepernambuco.audiencelabs.com.br\/wp-json\/wp\/v2\/posts\/26290\/revisions"}],"predecessor-version":[{"id":26296,"href":"https:\/\/diariodepernambuco.audiencelabs.com.br\/wp-json\/wp\/v2\/posts\/26290\/revisions\/26296"}],"wp:featuredmedia":[{"embeddable":true,"href":"https:\/\/diariodepernambuco.audiencelabs.com.br\/wp-json\/wp\/v2\/media\/26293"}],"wp:attachment":[{"href":"https:\/\/diariodepernambuco.audiencelabs.com.br\/wp-json\/wp\/v2\/media?parent=26290"}],"wp:term":[{"taxonomy":"category","embeddable":true,"href":"https:\/\/diariodepernambuco.audiencelabs.com.br\/wp-json\/wp\/v2\/categories?post=26290"},{"taxonomy":"post_tag","embeddable":true,"href":"https:\/\/diariodepernambuco.audiencelabs.com.br\/wp-json\/wp\/v2\/tags?post=26290"}],"curies":[{"name":"wp","href":"https:\/\/api.w.org\/{rel}","templated":true}]}}