{"id":26299,"date":"2026-04-29T11:19:44","date_gmt":"2026-04-29T14:19:44","guid":{"rendered":"https:\/\/diariodepernambuco.audiencelabs.com.br\/?p=26299"},"modified":"2026-04-29T11:19:46","modified_gmt":"2026-04-29T14:19:46","slug":"honda-civic-desaparece-das-lojas-e-motivo-e-surpreendente","status":"publish","type":"post","link":"https:\/\/diariodepernambuco.audiencelabs.com.br\/honda-civic-desaparece-das-lojas-e-motivo-e-surpreendente\/","title":{"rendered":"Honda Civic desaparece das lojas e motivo \u00e9 surpreendente"},"content":{"rendered":"\n<p>Durante muito tempo, o Honda Civic foi um dos sed\u00e3s mais f\u00e1ceis de encontrar no Brasil. Mas hoje, a realidade \u00e9 bem diferente, j\u00e1 que o modelo praticamente desapareceu das lojas, principalmente quando o assunto \u00e9 vers\u00e3o 0 km. Segundo o <em>g1<\/em>, a situa\u00e7\u00e3o ficou ainda mais evidente neste ano, quando apenas <strong>sete unidades do Civic<\/strong> foram emplacadas.<\/p>\n\n\n\n<p>Esse sumi\u00e7o n\u00e3o aconteceu de forma repentina; quando a Honda decidiu encerrar a produ\u00e7\u00e3o do Civic no Brasil, o carro deixou de ser fabricado aqui e passou a depender de importa\u00e7\u00e3o. Isso acabou deixando o modelo mais caro e tamb\u00e9m mais limitado em quantidade dispon\u00edvel.<\/p>\n\n\n\n<p>Com a produ\u00e7\u00e3o fora do pa\u00eds, o Civic passou a ser vendido em vers\u00f5es mais completas e com tecnologia h\u00edbrida, o que aumentou bastante o pre\u00e7o final. Ainda segundo o <em>g1<\/em>, o ve\u00edculo aparece no site da marca por <strong>R$ 266 mil<\/strong>, o que faz com que ele compita diretamente com outras marcas que t\u00eam modelos <em>bem abaixo<\/em> desse valor. Com isso, e competindo com os sed\u00e3s mais acess\u00edveis, ele passou a ocupar um espa\u00e7o com menos compradores em potencial.<\/p>\n\n\n\n<h2 class=\"wp-block-heading\">Prefer\u00eancia por SUVs mudou o mercado<\/h2>\n\n\n\n<p>Ao mesmo tempo, o mercado brasileiro tamb\u00e9m mudou. Modelos como o HR-V e o ZR-V ganharam muito espa\u00e7o, j\u00e1 que os SUVs passaram a ser a prefer\u00eancia da maioria dos consumidores. Essa mudan\u00e7a de interesse fez com que os sed\u00e3s, como o Civic, perdessem prioridade dentro das montadoras.<\/p>\n\n\n\n<h2 class=\"wp-block-heading\">Um modelo que mudou de posi\u00e7\u00e3o<\/h2>\n\n\n\n<p>Ou seja, o Civic n\u00e3o deixou de existir, mas mudou completamente de papel no mercado. Ele saiu da categoria de carro comum e passou a ser um sed\u00e3 mais caro e tecnol\u00f3gico. O que antes era f\u00e1cil de ver, hoje virou um modelo dif\u00edcil de encontrar, resultado das mudan\u00e7as no mercado e nas escolhas da pr\u00f3pria marca.<\/p>\n","protected":false},"excerpt":{"rendered":"<p>Durante muito tempo, o Honda Civic foi um dos sed\u00e3s mais f\u00e1ceis de encontrar no Brasil. Mas hoje, a realidade \u00e9 bem diferente, j\u00e1 que o modelo praticamente desapareceu das lojas, principalmente quando o assunto \u00e9 vers\u00e3o 0 km. Segundo o g1, a situa\u00e7\u00e3o ficou ainda mais evidente neste ano, quando apenas sete unidades do [&hellip;]<\/p>\n","protected":false},"author":17,"featured_media":26310,"comment_status":"open","ping_status":"open","sticky":false,"template":"","format":"standard","meta":{"jnews-multi-image_gallery":[],"jnews_single_post":{"format":"standard"},"jnews_primary_category":[],"jnews_social_meta":[],"jnews_post_split":[],"footnotes":""},"categories":[1],"tags":[],"class_list":["post-26299","post","type-post","status-publish","format-standard","has-post-thumbnail","hentry","category-uncategorized"],"_links":{"self":[{"href":"https:\/\/diariodepernambuco.audiencelabs.com.br\/wp-json\/wp\/v2\/posts\/26299","targetHints":{"allow":["GET"]}}],"collection":[{"href":"https:\/\/diariodepernambuco.audiencelabs.com.br\/wp-json\/wp\/v2\/posts"}],"about":[{"href":"https:\/\/diariodepernambuco.audiencelabs.com.br\/wp-json\/wp\/v2\/types\/post"}],"author":[{"embeddable":true,"href":"https:\/\/diariodepernambuco.audiencelabs.com.br\/wp-json\/wp\/v2\/users\/17"}],"replies":[{"embeddable":true,"href":"https:\/\/diariodepernambuco.audiencelabs.com.br\/wp-json\/wp\/v2\/comments?post=26299"}],"version-history":[{"count":2,"href":"https:\/\/diariodepernambuco.audiencelabs.com.br\/wp-json\/wp\/v2\/posts\/26299\/revisions"}],"predecessor-version":[{"id":26311,"href":"https:\/\/diariodepernambuco.audiencelabs.com.br\/wp-json\/wp\/v2\/posts\/26299\/revisions\/26311"}],"wp:featuredmedia":[{"embeddable":true,"href":"https:\/\/diariodepernambuco.audiencelabs.com.br\/wp-json\/wp\/v2\/media\/26310"}],"wp:attachment":[{"href":"https:\/\/diariodepernambuco.audiencelabs.com.br\/wp-json\/wp\/v2\/media?parent=26299"}],"wp:term":[{"taxonomy":"category","embeddable":true,"href":"https:\/\/diariodepernambuco.audiencelabs.com.br\/wp-json\/wp\/v2\/categories?post=26299"},{"taxonomy":"post_tag","embeddable":true,"href":"https:\/\/diariodepernambuco.audiencelabs.com.br\/wp-json\/wp\/v2\/tags?post=26299"}],"curies":[{"name":"wp","href":"https:\/\/api.w.org\/{rel}","templated":true}]}}