{"id":26301,"date":"2026-04-30T12:15:00","date_gmt":"2026-04-30T15:15:00","guid":{"rendered":"https:\/\/diariodepernambuco.audiencelabs.com.br\/?p=26301"},"modified":"2026-04-29T10:35:45","modified_gmt":"2026-04-29T13:35:45","slug":"brasileiros-que-precisam-tratar-os-dentes-ganham-presente-do-governo","status":"publish","type":"post","link":"https:\/\/diariodepernambuco.audiencelabs.com.br\/brasileiros-que-precisam-tratar-os-dentes-ganham-presente-do-governo\/","title":{"rendered":"Brasileiros que precisam tratar os dentes ganham presente do Governo"},"content":{"rendered":"\n<p>Milh\u00f5es de brasileiros que precisam cuidar da sa\u00fade bucal passaram a contar com um importante \u201cpresente\u201d do governo federal. Por meio de programas p\u00fablicos, o acesso a tratamentos odontol\u00f3gicos gratuitos foi ampliado em todo o pa\u00eds. A iniciativa busca atender principalmente pessoas que n\u00e3o t\u00eam condi\u00e7\u00f5es de pagar por consultas e procedimentos particulares.<\/p>\n\n\n\n<p>O principal destaque \u00e9 o programa Brasil Sorridente, que integra o Sistema \u00danico de Sa\u00fade (SUS). A iniciativa oferece desde atendimentos b\u00e1sicos at\u00e9 procedimentos mais complexos, como pr\u00f3teses e cirurgias. Tudo isso de forma totalmente gratuita para a popula\u00e7\u00e3o, sem cobran\u00e7a de consultas ou materiais.<\/p>\n\n\n\n<p>Al\u00e9m disso, o programa tem passado por amplia\u00e7\u00f5es recentes, incluindo maior oferta de tratamentos especializados. Em alguns casos, o SUS j\u00e1 disponibiliza implantes dent\u00e1rios e at\u00e9 reconstru\u00e7\u00f5es completas, dependendo da avalia\u00e7\u00e3o m\u00e9dica. Essas medidas refor\u00e7am o compromisso de ampliar o acesso \u00e0 sa\u00fade e melhorar a qualidade de vida da popula\u00e7\u00e3o.<\/p>\n\n\n\n<p>Outro ponto importante \u00e9 que o atendimento est\u00e1 dispon\u00edvel em unidades b\u00e1sicas de sa\u00fade e centros especializados espalhados pelo Brasil. O cidad\u00e3o precisa apenas apresentar documentos b\u00e1sicos e o cart\u00e3o do SUS para iniciar o processo. A proposta \u00e9 garantir que qualquer pessoa possa cuidar dos dentes sem custo.<\/p>\n\n\n\n<h2 class=\"wp-block-heading\">Veja quem pode ter acesso ao benef\u00edcio<\/h2>\n\n\n\n<p>O acesso ao programa \u00e9 amplo e n\u00e3o exige renda m\u00ednima, o que significa que praticamente todos os brasileiros podem ser atendidos. O atendimento come\u00e7a pelas Unidades B\u00e1sicas de Sa\u00fade, que fazem a triagem e encaminham para tratamentos mais complexos quando necess\u00e1rio. A prioridade costuma ser dada a grupos mais vulner\u00e1veis, como idosos, gestantes e pessoas com defici\u00eancia.<\/p>\n\n\n\n<p>Entre os servi\u00e7os dispon\u00edveis est\u00e3o limpeza, tratamento de c\u00e1ries, extra\u00e7\u00f5es, canais, pr\u00f3teses e at\u00e9 ortodontia em alguns casos. O programa tamb\u00e9m atua na preven\u00e7\u00e3o, com orienta\u00e7\u00f5es e acompanhamento cont\u00ednuo dos pacientes. Dessa forma, o \u201cpresente\u201d do governo vai al\u00e9m do tratamento, ajudando a evitar problemas futuros.<\/p>\n\n\n\n<p><\/p>\n","protected":false},"excerpt":{"rendered":"<p>Milh\u00f5es de brasileiros que precisam cuidar da sa\u00fade bucal passaram a contar com um importante \u201cpresente\u201d do governo federal. Por meio de programas p\u00fablicos, o acesso a tratamentos odontol\u00f3gicos gratuitos foi ampliado em todo o pa\u00eds. A iniciativa busca atender principalmente pessoas que n\u00e3o t\u00eam condi\u00e7\u00f5es de pagar por consultas e procedimentos particulares. O principal [&hellip;]<\/p>\n","protected":false},"author":4,"featured_media":26305,"comment_status":"open","ping_status":"open","sticky":false,"template":"","format":"standard","meta":{"jnews-multi-image_gallery":[],"jnews_single_post":{"format":"standard"},"jnews_primary_category":[],"jnews_social_meta":[],"jnews_post_split":[],"footnotes":""},"categories":[1],"tags":[],"class_list":["post-26301","post","type-post","status-publish","format-standard","has-post-thumbnail","hentry","category-uncategorized"],"_links":{"self":[{"href":"https:\/\/diariodepernambuco.audiencelabs.com.br\/wp-json\/wp\/v2\/posts\/26301","targetHints":{"allow":["GET"]}}],"collection":[{"href":"https:\/\/diariodepernambuco.audiencelabs.com.br\/wp-json\/wp\/v2\/posts"}],"about":[{"href":"https:\/\/diariodepernambuco.audiencelabs.com.br\/wp-json\/wp\/v2\/types\/post"}],"author":[{"embeddable":true,"href":"https:\/\/diariodepernambuco.audiencelabs.com.br\/wp-json\/wp\/v2\/users\/4"}],"replies":[{"embeddable":true,"href":"https:\/\/diariodepernambuco.audiencelabs.com.br\/wp-json\/wp\/v2\/comments?post=26301"}],"version-history":[{"count":2,"href":"https:\/\/diariodepernambuco.audiencelabs.com.br\/wp-json\/wp\/v2\/posts\/26301\/revisions"}],"predecessor-version":[{"id":26303,"href":"https:\/\/diariodepernambuco.audiencelabs.com.br\/wp-json\/wp\/v2\/posts\/26301\/revisions\/26303"}],"wp:featuredmedia":[{"embeddable":true,"href":"https:\/\/diariodepernambuco.audiencelabs.com.br\/wp-json\/wp\/v2\/media\/26305"}],"wp:attachment":[{"href":"https:\/\/diariodepernambuco.audiencelabs.com.br\/wp-json\/wp\/v2\/media?parent=26301"}],"wp:term":[{"taxonomy":"category","embeddable":true,"href":"https:\/\/diariodepernambuco.audiencelabs.com.br\/wp-json\/wp\/v2\/categories?post=26301"},{"taxonomy":"post_tag","embeddable":true,"href":"https:\/\/diariodepernambuco.audiencelabs.com.br\/wp-json\/wp\/v2\/tags?post=26301"}],"curies":[{"name":"wp","href":"https:\/\/api.w.org\/{rel}","templated":true}]}}