{"id":26306,"date":"2026-04-30T13:41:00","date_gmt":"2026-04-30T16:41:00","guid":{"rendered":"https:\/\/diariodepernambuco.audiencelabs.com.br\/?p=26306"},"modified":"2026-04-29T10:37:41","modified_gmt":"2026-04-29T13:37:41","slug":"governo-confirma-parcela-adicional-de-r-2-900-no-fgts-e-brasileiros-sao-comunicados","status":"publish","type":"post","link":"https:\/\/diariodepernambuco.audiencelabs.com.br\/governo-confirma-parcela-adicional-de-r-2-900-no-fgts-e-brasileiros-sao-comunicados\/","title":{"rendered":"Governo confirma parcela adicional de R$ 2.900 no FGTS e brasileiros s\u00e3o comunicados"},"content":{"rendered":"\n<p>O governo federal confirmou novas orienta\u00e7\u00f5es sobre os valores liberados pelo Fundo de Garantia do Tempo de Servi\u00e7o (FGTS), chamando aten\u00e7\u00e3o para uma parcela adicional que pode chegar a at\u00e9 R$ 2.900. A informa\u00e7\u00e3o tem gerado grande repercuss\u00e3o entre trabalhadores, j\u00e1 que muitos acreditam se tratar de um novo pagamento extra.<\/p>\n\n\n\n<p>No entanto, o valor est\u00e1 ligado a regras j\u00e1 existentes dentro do modelo de saque-anivers\u00e1rio. Ainda assim, o comunicado reacendeu o interesse dos brasileiros pelo benef\u00edcio. A chamada \u201cparcela adicional\u201d faz parte da tabela progressiva do saque-anivers\u00e1rio do FGTS. Nesse modelo, o trabalhador pode retirar anualmente uma parte do saldo dispon\u00edvel.<\/p>\n\n\n\n<p>Para quem possui saldo mais alto, h\u00e1 um adicional fixo que pode atingir justamente os R$ 2.900. Esse valor, portanto, n\u00e3o \u00e9 igual para todos, mas depende diretamente do montante acumulado no fundo. Al\u00e9m disso, o FGTS tem passado por uma s\u00e9rie de discuss\u00f5es e mudan\u00e7as recentes promovidas pelo governo.<\/p>\n\n\n\n<p>Entre elas, est\u00e3o propostas para liberar parte do saldo para pagamento de d\u00edvidas e ajustes nas regras do saque-anivers\u00e1rio. A ideia \u00e9 ampliar o acesso ao dinheiro, mas sem comprometer a fun\u00e7\u00e3o principal do fundo, que \u00e9 proteger o trabalhador em casos como demiss\u00e3o. Essas movimenta\u00e7\u00f5es aumentam a aten\u00e7\u00e3o sobre poss\u00edveis libera\u00e7\u00f5es futuras.<\/p>\n\n\n\n<p>Mesmo com as novidades, especialistas refor\u00e7am que \u00e9 fundamental entender bem as regras antes de aderir ao saque-anivers\u00e1rio. Isso porque essa modalidade pode limitar o acesso ao valor total do FGTS em caso de demiss\u00e3o sem justa causa. Ainda assim, o benef\u00edcio continua sendo uma alternativa interessante para quem busca acesso antecipado a parte do dinheiro.<\/p>\n\n\n\n<h2 class=\"wp-block-heading\">Entenda quem pode receber e como funciona o valor<\/h2>\n\n\n\n<p>A parcela adicional de at\u00e9 R$ 2.900 \u00e9 destinada apenas a trabalhadores que possuem saldo elevado no FGTS, geralmente acima de R$ 20 mil. Nesse caso, al\u00e9m de um percentual menor de saque, o benefici\u00e1rio recebe esse valor fixo como complemento anual. Isso significa que nem todos ter\u00e3o acesso ao valor m\u00e1ximo divulgado, j\u00e1 que tudo depende do saldo dispon\u00edvel.<\/p>\n\n\n\n<p>Para receber, \u00e9 necess\u00e1rio aderir ao saque-anivers\u00e1rio, que libera valores sempre no m\u00eas de nascimento do trabalhador. O dinheiro pode ser retirado pelo aplicativo do FGTS, caixas eletr\u00f4nicos ou lot\u00e9ricas, conforme regras da Caixa Econ\u00f4mica Federal. A recomenda\u00e7\u00e3o \u00e9 que o trabalhador consulte seu saldo e avalie se a modalidade realmente vale a pena antes de fazer a ades\u00e3o.<\/p>\n","protected":false},"excerpt":{"rendered":"<p>O governo federal confirmou novas orienta\u00e7\u00f5es sobre os valores liberados pelo Fundo de Garantia do Tempo de Servi\u00e7o (FGTS), chamando aten\u00e7\u00e3o para uma parcela adicional que pode chegar a at\u00e9 R$ 2.900. A informa\u00e7\u00e3o tem gerado grande repercuss\u00e3o entre trabalhadores, j\u00e1 que muitos acreditam se tratar de um novo pagamento extra. No entanto, o valor [&hellip;]<\/p>\n","protected":false},"author":4,"featured_media":1621,"comment_status":"open","ping_status":"open","sticky":false,"template":"","format":"standard","meta":{"jnews-multi-image_gallery":[],"jnews_single_post":{"format":"standard"},"jnews_primary_category":[],"jnews_social_meta":[],"jnews_post_split":[],"footnotes":""},"categories":[1],"tags":[],"class_list":["post-26306","post","type-post","status-publish","format-standard","has-post-thumbnail","hentry","category-uncategorized"],"_links":{"self":[{"href":"https:\/\/diariodepernambuco.audiencelabs.com.br\/wp-json\/wp\/v2\/posts\/26306","targetHints":{"allow":["GET"]}}],"collection":[{"href":"https:\/\/diariodepernambuco.audiencelabs.com.br\/wp-json\/wp\/v2\/posts"}],"about":[{"href":"https:\/\/diariodepernambuco.audiencelabs.com.br\/wp-json\/wp\/v2\/types\/post"}],"author":[{"embeddable":true,"href":"https:\/\/diariodepernambuco.audiencelabs.com.br\/wp-json\/wp\/v2\/users\/4"}],"replies":[{"embeddable":true,"href":"https:\/\/diariodepernambuco.audiencelabs.com.br\/wp-json\/wp\/v2\/comments?post=26306"}],"version-history":[{"count":2,"href":"https:\/\/diariodepernambuco.audiencelabs.com.br\/wp-json\/wp\/v2\/posts\/26306\/revisions"}],"predecessor-version":[{"id":26309,"href":"https:\/\/diariodepernambuco.audiencelabs.com.br\/wp-json\/wp\/v2\/posts\/26306\/revisions\/26309"}],"wp:featuredmedia":[{"embeddable":true,"href":"https:\/\/diariodepernambuco.audiencelabs.com.br\/wp-json\/wp\/v2\/media\/1621"}],"wp:attachment":[{"href":"https:\/\/diariodepernambuco.audiencelabs.com.br\/wp-json\/wp\/v2\/media?parent=26306"}],"wp:term":[{"taxonomy":"category","embeddable":true,"href":"https:\/\/diariodepernambuco.audiencelabs.com.br\/wp-json\/wp\/v2\/categories?post=26306"},{"taxonomy":"post_tag","embeddable":true,"href":"https:\/\/diariodepernambuco.audiencelabs.com.br\/wp-json\/wp\/v2\/tags?post=26306"}],"curies":[{"name":"wp","href":"https:\/\/api.w.org\/{rel}","templated":true}]}}