{"id":26318,"date":"2026-04-30T15:29:00","date_gmt":"2026-04-30T18:29:00","guid":{"rendered":"https:\/\/diariodepernambuco.audiencelabs.com.br\/?p=26318"},"modified":"2026-04-29T12:25:19","modified_gmt":"2026-04-29T15:25:19","slug":"boca-juniors-prepara-papel-e-caneta-para-anunciar-contratacao-do-seculo","status":"publish","type":"post","link":"https:\/\/diariodepernambuco.audiencelabs.com.br\/boca-juniors-prepara-papel-e-caneta-para-anunciar-contratacao-do-seculo\/","title":{"rendered":"Boca Juniors prepara papel e caneta para anunciar contrata\u00e7\u00e3o do s\u00e9culo"},"content":{"rendered":"\n<p>Depois de ser derrotado pelo Cruzeiro por 1 a 0, em partida v\u00e1lida pela terceira rodada da fase de grupos da Copa Libertadores, o tradicional Boca Juniors se voltou para o mercado de transfer\u00eancias. A diretoria do clube argentino intensificou movimentos nos bastidores em busca de um refor\u00e7o de peso.<\/p>\n\n\n\n<p>O alvo principal \u00e9 o atacante Paulo Dybala, atualmente na Roma. Segundo informa\u00e7\u00f5es divulgadas pela ESPN da Argentina, o jogador j\u00e1 tem um princ\u00edpio de acordo com o clube de Buenos Aires. A negocia\u00e7\u00e3o avan\u00e7a com a possibilidade de assinatura ap\u00f3s a disputa da Copa do Mundo com a Sele\u00e7\u00e3o Argentina.<\/p>\n\n\n<div class=\"wp-block-image\">\n<figure class=\"aligncenter size-full is-resized\"><img loading=\"lazy\" decoding=\"async\" width=\"984\" height=\"675\" src=\"https:\/\/diariodepernambuco.audiencelabs.com.br\/wp-content\/uploads\/2026\/04\/Dybala.avif\" alt=\"\" class=\"wp-image-26323\" style=\"aspect-ratio:1.457780190494991;width:596px;height:auto\" srcset=\"https:\/\/diariodepernambuco.audiencelabs.com.br\/wp-content\/uploads\/2026\/04\/Dybala.avif 984w, https:\/\/diariodepernambuco.audiencelabs.com.br\/wp-content\/uploads\/2026\/04\/Dybala-300x206.avif 300w, https:\/\/diariodepernambuco.audiencelabs.com.br\/wp-content\/uploads\/2026\/04\/Dybala-768x527.avif 768w, https:\/\/diariodepernambuco.audiencelabs.com.br\/wp-content\/uploads\/2026\/04\/Dybala-750x514.avif 750w\" sizes=\"auto, (max-width: 984px) 100vw, 984px\" \/><figcaption class=\"wp-element-caption\">Dybala gol Roma x Sevilla \u2014 Foto: Bernadett Szabo\/Reuters<\/figcaption><\/figure>\n<\/div>\n\n\n<p>Dybala tem contrato com a Roma at\u00e9 junho deste ano e pode chegar sem custos de transfer\u00eancia ao Boca Juniors. Esse fator facilita o avan\u00e7o das conversas e torna a opera\u00e7\u00e3o ainda mais estrat\u00e9gica. Al\u00e9m disso, o jogador v\u00ea com bons olhos um retorno ao futebol argentino neste momento da carreira.<\/p>\n\n\n\n<p>Caso seja concretizada, a contrata\u00e7\u00e3o \u00e9 tratada como uma das maiores da hist\u00f3ria recente do futebol sul-americano. O Boca Juniors aposta no peso do projeto esportivo e na identifica\u00e7\u00e3o do jogador com o clube. Vice-campe\u00e3o da Libertadores em 2023, o Boca busca seu s\u00e9timo t\u00edtulo na principal competi\u00e7\u00e3o sul-americana.<\/p>\n\n\n\n<h2 class=\"wp-block-heading\">Negocia\u00e7\u00e3o avan\u00e7a e clima \u00e9 de otimismo na Argentina<\/h2>\n\n\n\n<p>A poss\u00edvel chegada de Paulo Dybala ao Boca Juniors vem sendo tratada como prioridade absoluta pela diretoria. O clube mant\u00e9m contatos frequentes com o estafe do jogador e trabalha nos detalhes finais do acordo. A expectativa \u00e9 de que o acerto seja oficializado sem grandes entraves, j\u00e1 que o atleta pode ficar livre no mercado.<\/p>\n\n\n\n<p>Al\u00e9m disso, fatores extracampo tamb\u00e9m pesam na negocia\u00e7\u00e3o, como o desejo de Dybala de retornar ao seu pa\u00eds de origem. A influ\u00eancia de pessoas pr\u00f3ximas e a identifica\u00e7\u00e3o com o clube refor\u00e7am essa possibilidade. Nos bastidores, o clima \u00e9 de confian\u00e7a para fechar o acordo nos pr\u00f3ximos meses.<\/p>\n\n\n\n<p><\/p>\n","protected":false},"excerpt":{"rendered":"<p>Depois de ser derrotado pelo Cruzeiro por 1 a 0, em partida v\u00e1lida pela terceira rodada da fase de grupos da Copa Libertadores, o tradicional Boca Juniors se voltou para o mercado de transfer\u00eancias. A diretoria do clube argentino intensificou movimentos nos bastidores em busca de um refor\u00e7o de peso. O alvo principal \u00e9 o [&hellip;]<\/p>\n","protected":false},"author":4,"featured_media":26320,"comment_status":"open","ping_status":"open","sticky":false,"template":"","format":"standard","meta":{"jnews-multi-image_gallery":[],"jnews_single_post":{"format":"standard"},"jnews_primary_category":[],"jnews_social_meta":[],"jnews_post_split":[],"footnotes":""},"categories":[1],"tags":[],"class_list":["post-26318","post","type-post","status-publish","format-standard","has-post-thumbnail","hentry","category-uncategorized"],"_links":{"self":[{"href":"https:\/\/diariodepernambuco.audiencelabs.com.br\/wp-json\/wp\/v2\/posts\/26318","targetHints":{"allow":["GET"]}}],"collection":[{"href":"https:\/\/diariodepernambuco.audiencelabs.com.br\/wp-json\/wp\/v2\/posts"}],"about":[{"href":"https:\/\/diariodepernambuco.audiencelabs.com.br\/wp-json\/wp\/v2\/types\/post"}],"author":[{"embeddable":true,"href":"https:\/\/diariodepernambuco.audiencelabs.com.br\/wp-json\/wp\/v2\/users\/4"}],"replies":[{"embeddable":true,"href":"https:\/\/diariodepernambuco.audiencelabs.com.br\/wp-json\/wp\/v2\/comments?post=26318"}],"version-history":[{"count":3,"href":"https:\/\/diariodepernambuco.audiencelabs.com.br\/wp-json\/wp\/v2\/posts\/26318\/revisions"}],"predecessor-version":[{"id":26324,"href":"https:\/\/diariodepernambuco.audiencelabs.com.br\/wp-json\/wp\/v2\/posts\/26318\/revisions\/26324"}],"wp:featuredmedia":[{"embeddable":true,"href":"https:\/\/diariodepernambuco.audiencelabs.com.br\/wp-json\/wp\/v2\/media\/26320"}],"wp:attachment":[{"href":"https:\/\/diariodepernambuco.audiencelabs.com.br\/wp-json\/wp\/v2\/media?parent=26318"}],"wp:term":[{"taxonomy":"category","embeddable":true,"href":"https:\/\/diariodepernambuco.audiencelabs.com.br\/wp-json\/wp\/v2\/categories?post=26318"},{"taxonomy":"post_tag","embeddable":true,"href":"https:\/\/diariodepernambuco.audiencelabs.com.br\/wp-json\/wp\/v2\/tags?post=26318"}],"curies":[{"name":"wp","href":"https:\/\/api.w.org\/{rel}","templated":true}]}}