{"id":26325,"date":"2026-04-30T19:40:00","date_gmt":"2026-04-30T22:40:00","guid":{"rendered":"https:\/\/diariodepernambuco.audiencelabs.com.br\/?p=26325"},"modified":"2026-04-29T12:36:40","modified_gmt":"2026-04-29T15:36:40","slug":"dono-do-supermercado-mais-rico-de-minas-gerais-fatura-r-25-bilhoes-e-comprou-clube-da-serie-a","status":"publish","type":"post","link":"https:\/\/diariodepernambuco.audiencelabs.com.br\/dono-do-supermercado-mais-rico-de-minas-gerais-fatura-r-25-bilhoes-e-comprou-clube-da-serie-a\/","title":{"rendered":"Dono do supermercado mais rico de Minas Gerais fatura R$ 25 bilh\u00f5es e comprou clube da s\u00e9rie A"},"content":{"rendered":"\n<p>O empres\u00e1rio Pedro Louren\u00e7o, conhecido como Pedrinho BH, vem chamando aten\u00e7\u00e3o no cen\u00e1rio nacional ao unir sucesso no varejo com protagonismo no futebol. Fundador da rede Supermercados BH, ele alcan\u00e7ou um faturamento impressionante superior a R$ 25 bilh\u00f5es em 2025. O n\u00famero coloca sua empresa entre as maiores do Brasil no setor aliment\u00edcio.<\/p>\n\n\n\n<p>De acordo com dados recentes, a rede faturou cerca de R$ 25,7 bilh\u00f5es no \u00faltimo ano, mantendo a quarta posi\u00e7\u00e3o entre os maiores supermercados do pa\u00eds. O crescimento \u00e9 expressivo, j\u00e1 que em 2024 o faturamento havia sido de pouco mais de R$ 21 bilh\u00f5es. Associa\u00e7\u00e3o Brasileira de Supermercados aponta que a empresa segue atr\u00e1s apenas de gigantes como Carrefour, Assa\u00ed e Grupo Mateus.<\/p>\n\n\n\n<p>Paralelamente ao sucesso empresarial, Pedro Louren\u00e7o tamb\u00e9m se tornou protagonista no futebol brasileiro. Em 2024, ele adquiriu o controle da SAF do Cruzeiro, comprando as a\u00e7\u00f5es que pertenciam ao ex-jogador Ronaldo Naz\u00e1rio. A negocia\u00e7\u00e3o girou em torno de R$ 600 milh\u00f5es e marcou uma nova fase administrativa no clube mineiro.<\/p>\n\n\n\n<p>A diferen\u00e7a entre os neg\u00f3cios impressiona: o faturamento da rede de supermercados chega a ser dezenas de vezes maior do que a receita anual do Cruzeiro. Esse poder financeiro amplia a capacidade de investimento e gera expectativa entre torcedores. Com uma gest\u00e3o mais estruturada, o clube busca retomar protagonismo no cen\u00e1rio nacional.<\/p>\n\n\n\n<h2 class=\"wp-block-heading\">De carregador a dono de gigante e investidor no futebol<\/h2>\n\n\n\n<p>A trajet\u00f3ria de Pedro Louren\u00e7o \u00e9 considerada uma das mais emblem\u00e1ticas do empreendedorismo brasileiro. Ele come\u00e7ou trabalhando como carregador de caixas em supermercados e, ao longo das d\u00e9cadas, construiu um verdadeiro imp\u00e9rio no varejo. A funda\u00e7\u00e3o do Supermercados BH, em 1996, foi o ponto de partida para uma expans\u00e3o acelerada.<\/p>\n\n\n\n<p>J\u00e1 no futebol, a compra da SAF do Cruzeiro marcou a sa\u00edda definitiva de Ronaldo Naz\u00e1rio do comando do clube. A mudan\u00e7a abriu espa\u00e7o para uma nova gest\u00e3o, com foco em equil\u00edbrio financeiro e crescimento esportivo. A expectativa \u00e9 de que o poder econ\u00f4mico do empres\u00e1rio ajude a recolocar o time entre os principais do pa\u00eds.<\/p>\n","protected":false},"excerpt":{"rendered":"<p>O empres\u00e1rio Pedro Louren\u00e7o, conhecido como Pedrinho BH, vem chamando aten\u00e7\u00e3o no cen\u00e1rio nacional ao unir sucesso no varejo com protagonismo no futebol. Fundador da rede Supermercados BH, ele alcan\u00e7ou um faturamento impressionante superior a R$ 25 bilh\u00f5es em 2025. O n\u00famero coloca sua empresa entre as maiores do Brasil no setor aliment\u00edcio. De acordo [&hellip;]<\/p>\n","protected":false},"author":4,"featured_media":26328,"comment_status":"open","ping_status":"open","sticky":false,"template":"","format":"standard","meta":{"jnews-multi-image_gallery":[],"jnews_single_post":{"format":"standard"},"jnews_primary_category":[],"jnews_social_meta":[],"jnews_post_split":[],"footnotes":""},"categories":[1],"tags":[],"class_list":["post-26325","post","type-post","status-publish","format-standard","has-post-thumbnail","hentry","category-uncategorized"],"_links":{"self":[{"href":"https:\/\/diariodepernambuco.audiencelabs.com.br\/wp-json\/wp\/v2\/posts\/26325","targetHints":{"allow":["GET"]}}],"collection":[{"href":"https:\/\/diariodepernambuco.audiencelabs.com.br\/wp-json\/wp\/v2\/posts"}],"about":[{"href":"https:\/\/diariodepernambuco.audiencelabs.com.br\/wp-json\/wp\/v2\/types\/post"}],"author":[{"embeddable":true,"href":"https:\/\/diariodepernambuco.audiencelabs.com.br\/wp-json\/wp\/v2\/users\/4"}],"replies":[{"embeddable":true,"href":"https:\/\/diariodepernambuco.audiencelabs.com.br\/wp-json\/wp\/v2\/comments?post=26325"}],"version-history":[{"count":1,"href":"https:\/\/diariodepernambuco.audiencelabs.com.br\/wp-json\/wp\/v2\/posts\/26325\/revisions"}],"predecessor-version":[{"id":26326,"href":"https:\/\/diariodepernambuco.audiencelabs.com.br\/wp-json\/wp\/v2\/posts\/26325\/revisions\/26326"}],"wp:featuredmedia":[{"embeddable":true,"href":"https:\/\/diariodepernambuco.audiencelabs.com.br\/wp-json\/wp\/v2\/media\/26328"}],"wp:attachment":[{"href":"https:\/\/diariodepernambuco.audiencelabs.com.br\/wp-json\/wp\/v2\/media?parent=26325"}],"wp:term":[{"taxonomy":"category","embeddable":true,"href":"https:\/\/diariodepernambuco.audiencelabs.com.br\/wp-json\/wp\/v2\/categories?post=26325"},{"taxonomy":"post_tag","embeddable":true,"href":"https:\/\/diariodepernambuco.audiencelabs.com.br\/wp-json\/wp\/v2\/tags?post=26325"}],"curies":[{"name":"wp","href":"https:\/\/api.w.org\/{rel}","templated":true}]}}