{"id":26332,"date":"2026-04-29T13:37:29","date_gmt":"2026-04-29T16:37:29","guid":{"rendered":"https:\/\/diariodepernambuco.audiencelabs.com.br\/?p=26332"},"modified":"2026-04-29T13:37:49","modified_gmt":"2026-04-29T16:37:49","slug":"3-estados-do-brasil-que-aprovaram-salario-minimo-acima-de-r-1-621-para-essas-profissoes","status":"publish","type":"post","link":"https:\/\/diariodepernambuco.audiencelabs.com.br\/3-estados-do-brasil-que-aprovaram-salario-minimo-acima-de-r-1-621-para-essas-profissoes\/","title":{"rendered":"3 estados do Brasil que aprovaram sal\u00e1rio m\u00ednimo acima de R$ 1.621 para essas profiss\u00f5es"},"content":{"rendered":"\n<p>Definido pelo Projeto de Lei de Diretrizes Or\u00e7ament\u00e1rias (PLDO) aprovado no fim do ano passado, <strong>o sal\u00e1rio m\u00ednimo de R$ 1.621 <\/strong>passou a ser o novo valor pago a trabalhadores com carteira assinada de diversas regi\u00f5es do pa\u00eds.<\/p>\n\n\n\n<p>Entretanto, como o montante nem sempre ser suficiente para arcar com os custos de vida de todos os locais do Brasil, alguns estados<strong> optam por definir seu pr\u00f3prio sal\u00e1rio m\u00ednimo<\/strong>, usufruindo da autonomia concedida pela Constitui\u00e7\u00e3o Federal de 1988.<\/p>\n\n\n\n<p>E vale destacar que, para se alinhar \u00e0 realidade da regi\u00e3o, muitas vezes o valor das remunera\u00e7\u00f5es <strong>supera a m\u00e9dia nacional de forma massiva<\/strong>, se aproximando de milhares de reais de diferen\u00e7a. De acordo com dados recentes, os maiores sal\u00e1rios do pa\u00eds s\u00e3o fornecidos pelos seguintes estados:<\/p>\n\n\n\n<h2 class=\"wp-block-heading\">Paran\u00e1<\/h2>\n\n\n\n<p>Destinados exclusivamente \u00e0 categorias que n\u00e3o possuem um piso definido em lei federal, conven\u00e7\u00e3o ou acordo coletivo de trabalho, os sal\u00e1rios do Paran\u00e1 s\u00e3o divididos em quatro faixas que beneficiam os seguintes cargos:<\/p>\n\n\n\n<ul class=\"wp-block-list\">\n<li><strong>Agropecu\u00e1rios, trabalhadores florestais e da pesca: <\/strong>R$ 2.105,34;<\/li>\n\n\n\n<li><strong>Agentes do setor administrativo, servi\u00e7\u00f5s gerais, vendedores do com\u00e9rcio e do segmento de manuten\u00e7\u00e3o:<\/strong> R$ 2.181,63;<\/li>\n\n\n\n<li><strong>Trabalhadores da produ\u00e7\u00e3o de bens e servi\u00e7os industriais: <\/strong>R$ 2.250,04;<\/li>\n\n\n\n<li><strong>T\u00e9cnicos de n\u00edvel m\u00e9dio:<\/strong> R$ 2.407,90.<\/li>\n<\/ul>\n\n\n\n<h2 class=\"wp-block-heading\">Rio Grande do Sul<\/h2>\n\n\n\n<p>Assim como no Paran\u00e1, os sal\u00e1rios m\u00ednimos regionais do Rio Grande do Sul tamb\u00e9m s\u00e3o divididos por faixas e se aplicam a trabalhadores que n\u00e3o possuem piso definido, contemplando as seguintes profiss\u00f5es:<\/p>\n\n\n\n<ul class=\"wp-block-list\">\n<li><strong>Agropecu\u00e1rios, pescadores, empregados dom\u00e9stico e trabalhadores do setor de turismo e hospitalidade:<\/strong> R$ 1.718,04;<\/li>\n\n\n\n<li><strong>Trabalhadores das ind\u00fastrias do vestu\u00e1rio, cal\u00e7ados, fia\u00e7\u00e3o e tecelagem: <\/strong>R$ 1.830,13;<\/li>\n\n\n\n<li><strong>Trabalhadores do setor mobili\u00e1rio, constru\u00e7\u00e3o civil, com\u00e9rcio e qu\u00edmicos:<\/strong> R$ 1.871,50;<\/li>\n\n\n\n<li><strong>Trabalhadores das ind\u00fastrias metal\u00fargicas, gr\u00e1ficas, ou da \u00e1rea da minera\u00e7\u00e3o ou papel: <\/strong>R$ 1.945,67;<\/li>\n\n\n\n<li><strong>T\u00e9cnicos de n\u00edvel m\u00e9dio:<\/strong> R$ 2.267,21.<\/li>\n<\/ul>\n\n\n\n<h2 class=\"wp-block-heading\">S\u00e3o Paulo<\/h2>\n\n\n\n<p>Em S\u00e3o Paulo, o valor do sal\u00e1rio m\u00ednimo estadual \u00e9 unificado em uma \u00fanica faixa. Por conta disso, profissionais como cuidadores de idosos, motoboys, gar\u00e7ons, profissionais de limpeza e oper\u00e1rios da constru\u00e7\u00e3o civil podem garantir uma remunera\u00e7\u00e3o de <strong>R$ 1.804<\/strong>.<\/p>\n","protected":false},"excerpt":{"rendered":"<p>Definido pelo Projeto de Lei de Diretrizes Or\u00e7ament\u00e1rias (PLDO) aprovado no fim do ano passado, o sal\u00e1rio m\u00ednimo de R$ 1.621 passou a ser o novo valor pago a trabalhadores com carteira assinada de diversas regi\u00f5es do pa\u00eds. Entretanto, como o montante nem sempre ser suficiente para arcar com os custos de vida de todos [&hellip;]<\/p>\n","protected":false},"author":15,"featured_media":26333,"comment_status":"open","ping_status":"open","sticky":false,"template":"","format":"standard","meta":{"jnews-multi-image_gallery":[],"jnews_single_post":{"format":"standard"},"jnews_primary_category":[],"jnews_social_meta":[],"jnews_post_split":[],"footnotes":""},"categories":[1],"tags":[],"class_list":["post-26332","post","type-post","status-publish","format-standard","has-post-thumbnail","hentry","category-uncategorized"],"_links":{"self":[{"href":"https:\/\/diariodepernambuco.audiencelabs.com.br\/wp-json\/wp\/v2\/posts\/26332","targetHints":{"allow":["GET"]}}],"collection":[{"href":"https:\/\/diariodepernambuco.audiencelabs.com.br\/wp-json\/wp\/v2\/posts"}],"about":[{"href":"https:\/\/diariodepernambuco.audiencelabs.com.br\/wp-json\/wp\/v2\/types\/post"}],"author":[{"embeddable":true,"href":"https:\/\/diariodepernambuco.audiencelabs.com.br\/wp-json\/wp\/v2\/users\/15"}],"replies":[{"embeddable":true,"href":"https:\/\/diariodepernambuco.audiencelabs.com.br\/wp-json\/wp\/v2\/comments?post=26332"}],"version-history":[{"count":1,"href":"https:\/\/diariodepernambuco.audiencelabs.com.br\/wp-json\/wp\/v2\/posts\/26332\/revisions"}],"predecessor-version":[{"id":26337,"href":"https:\/\/diariodepernambuco.audiencelabs.com.br\/wp-json\/wp\/v2\/posts\/26332\/revisions\/26337"}],"wp:featuredmedia":[{"embeddable":true,"href":"https:\/\/diariodepernambuco.audiencelabs.com.br\/wp-json\/wp\/v2\/media\/26333"}],"wp:attachment":[{"href":"https:\/\/diariodepernambuco.audiencelabs.com.br\/wp-json\/wp\/v2\/media?parent=26332"}],"wp:term":[{"taxonomy":"category","embeddable":true,"href":"https:\/\/diariodepernambuco.audiencelabs.com.br\/wp-json\/wp\/v2\/categories?post=26332"},{"taxonomy":"post_tag","embeddable":true,"href":"https:\/\/diariodepernambuco.audiencelabs.com.br\/wp-json\/wp\/v2\/tags?post=26332"}],"curies":[{"name":"wp","href":"https:\/\/api.w.org\/{rel}","templated":true}]}}