{"id":26335,"date":"2026-04-29T14:08:45","date_gmt":"2026-04-29T17:08:45","guid":{"rendered":"https:\/\/diariodepernambuco.audiencelabs.com.br\/?p=26335"},"modified":"2026-04-29T14:08:47","modified_gmt":"2026-04-29T17:08:47","slug":"coca-cola-anuncia-fim-do-ciclo-de-producao-no-brasil-desse-produto-historico-nas-garrafas","status":"publish","type":"post","link":"https:\/\/diariodepernambuco.audiencelabs.com.br\/coca-cola-anuncia-fim-do-ciclo-de-producao-no-brasil-desse-produto-historico-nas-garrafas\/","title":{"rendered":"Coca-Cola anuncia fim do ciclo de produ\u00e7\u00e3o no Brasil desse produto hist\u00f3rico nas garrafas"},"content":{"rendered":"\n<p>A Coca-Cola come\u00e7ou um processo de transforma\u00e7\u00e3o na forma como seus produtos s\u00e3o vendidos, reduzindo aos poucos o foco nas garrafas tradicionais que por muito tempo fizeram parte da rotina dos consumidores. Essa mudan\u00e7a faz parte de uma estrat\u00e9gia para acompanhar o comportamento atual das pessoas.<\/p>\n\n\n\n<p>Com o custo de vida mais alto e o consumidor mais atento ao que cabe no or\u00e7amento, a empresa passou a investir em <strong>embalagens menores e mais pr\u00e1ticas<\/strong>. A ideia \u00e9 oferecer op\u00e7\u00f5es que permitam compras mais frequentes e com valores mais baixos por unidade, mesmo que o custo proporcional por litro seja maior.<\/p>\n\n\n\n<p>Esse formato tamb\u00e9m facilita o consumo no dia a dia, j\u00e1 que muitas pessoas preferem comprar apenas o necess\u00e1rio para o momento, sem precisar de grandes quantidades.<\/p>\n\n\n\n<h2 class=\"wp-block-heading\">Como isso afeta o mercado no Brasil<\/h2>\n\n\n\n<p>No mercado brasileiro, aos poucos essa mudan\u00e7a come\u00e7a a aparecer nas prateleiras, com mais variedade de tamanhos e pre\u00e7os. Isso muda a forma como o consumidor escolhe o produto, j\u00e1 que a decis\u00e3o passa a depender mais da necessidade que o consumidor tem no momento do que do volume total da embalagem.<\/p>\n\n\n\n<h2 class=\"wp-block-heading\">Sustentabilidade e adapta\u00e7\u00e3o<\/h2>\n\n\n\n<p>Al\u00e9m da quest\u00e3o econ\u00f4mica, a Coca-Cola tamb\u00e9m refor\u00e7a medidas ligadas ao meio ambiente e para reduzir o impacto ambiental, com embalagens mais leves e que podem ser reutilizadas. Todas essas mudan\u00e7as mostram uma adapta\u00e7\u00e3o ao novo cen\u00e1rio de consumo, pensando em praticidade, pre\u00e7o e sustentabilidade.<\/p>\n","protected":false},"excerpt":{"rendered":"<p>A Coca-Cola come\u00e7ou um processo de transforma\u00e7\u00e3o na forma como seus produtos s\u00e3o vendidos, reduzindo aos poucos o foco nas garrafas tradicionais que por muito tempo fizeram parte da rotina dos consumidores. Essa mudan\u00e7a faz parte de uma estrat\u00e9gia para acompanhar o comportamento atual das pessoas. Com o custo de vida mais alto e o [&hellip;]<\/p>\n","protected":false},"author":17,"featured_media":16756,"comment_status":"open","ping_status":"open","sticky":false,"template":"","format":"standard","meta":{"jnews-multi-image_gallery":[],"jnews_single_post":{"format":"standard"},"jnews_primary_category":[],"jnews_social_meta":[],"jnews_post_split":[],"footnotes":""},"categories":[1],"tags":[],"class_list":["post-26335","post","type-post","status-publish","format-standard","has-post-thumbnail","hentry","category-uncategorized"],"_links":{"self":[{"href":"https:\/\/diariodepernambuco.audiencelabs.com.br\/wp-json\/wp\/v2\/posts\/26335","targetHints":{"allow":["GET"]}}],"collection":[{"href":"https:\/\/diariodepernambuco.audiencelabs.com.br\/wp-json\/wp\/v2\/posts"}],"about":[{"href":"https:\/\/diariodepernambuco.audiencelabs.com.br\/wp-json\/wp\/v2\/types\/post"}],"author":[{"embeddable":true,"href":"https:\/\/diariodepernambuco.audiencelabs.com.br\/wp-json\/wp\/v2\/users\/17"}],"replies":[{"embeddable":true,"href":"https:\/\/diariodepernambuco.audiencelabs.com.br\/wp-json\/wp\/v2\/comments?post=26335"}],"version-history":[{"count":3,"href":"https:\/\/diariodepernambuco.audiencelabs.com.br\/wp-json\/wp\/v2\/posts\/26335\/revisions"}],"predecessor-version":[{"id":26357,"href":"https:\/\/diariodepernambuco.audiencelabs.com.br\/wp-json\/wp\/v2\/posts\/26335\/revisions\/26357"}],"wp:featuredmedia":[{"embeddable":true,"href":"https:\/\/diariodepernambuco.audiencelabs.com.br\/wp-json\/wp\/v2\/media\/16756"}],"wp:attachment":[{"href":"https:\/\/diariodepernambuco.audiencelabs.com.br\/wp-json\/wp\/v2\/media?parent=26335"}],"wp:term":[{"taxonomy":"category","embeddable":true,"href":"https:\/\/diariodepernambuco.audiencelabs.com.br\/wp-json\/wp\/v2\/categories?post=26335"},{"taxonomy":"post_tag","embeddable":true,"href":"https:\/\/diariodepernambuco.audiencelabs.com.br\/wp-json\/wp\/v2\/tags?post=26335"}],"curies":[{"name":"wp","href":"https:\/\/api.w.org\/{rel}","templated":true}]}}