{"id":26338,"date":"2026-04-30T12:00:00","date_gmt":"2026-04-30T15:00:00","guid":{"rendered":"https:\/\/diariodepernambuco.audiencelabs.com.br\/?p=26338"},"modified":"2026-04-29T14:04:32","modified_gmt":"2026-04-29T17:04:32","slug":"anvisa-proibe-venda-de-protetor-solar-no-brasil","status":"publish","type":"post","link":"https:\/\/diariodepernambuco.audiencelabs.com.br\/anvisa-proibe-venda-de-protetor-solar-no-brasil\/","title":{"rendered":"Anvisa pro\u00edbe venda de protetor solar no Brasil"},"content":{"rendered":"\n<p>Durante uma inspe\u00e7\u00e3o recente, realizada entre 14 e 17 de abril, Ag\u00eancia Nacional de Vigil\u00e2ncia Sanit\u00e1ria (Anvisa) <strong>identificou irregularidades no processo de produ\u00e7\u00e3o de protetores solares<\/strong> desenvolvidos pela empresa Henlau Qu\u00edmica Ltda..<\/p>\n\n\n\n<p>De acordo com o relat\u00f3rio do \u00f3rg\u00e3o, as falhas est\u00e3o relacionadas <strong>ao descumprimento das normas de Boas Pr\u00e1ticas de Fabrica\u00e7\u00e3o<\/strong>, que consistem em um conjunto de regras criado para assegurar a qualidade e a seguran\u00e7a dos produtos.<\/p>\n\n\n\n<p>Na an\u00e1lise da Anvisa, os produtos <strong>apresentaram altera\u00e7\u00f5es que poderiam comprometer seu desempenho<\/strong>, fazendo com que o fator de prote\u00e7\u00e3o indicado no r\u00f3tulo divirja da prote\u00e7\u00e3o real que ele realmente pode oferecer contra os raios UV.<\/p>\n\n\n\n<p>Por conta disso, a ag\u00eancia decidiu determinar o recolhimento e a proibi\u00e7\u00e3o de fabrica\u00e7\u00e3o, comercializa\u00e7\u00e3o, distribui\u00e7\u00e3o, propaganda e uso de produtos como <strong>o protetor solar FPS 30 Wurth e a lo\u00e7\u00e3o de prote\u00e7\u00e3o solar FPS 30 Sunlau<\/strong>.<\/p>\n\n\n\n<p>A decis\u00e3o foi publicada no Di\u00e1rio Oficial da Uni\u00e3o nesta ter\u00e7a-feira (28). Em caso de aquisi\u00e7\u00e3o do produto, a Anvisa recomenda que os consumidores<strong> interrompam o uso e entrem em contato com o local de compra ou o fabricante<\/strong> para se informar sobre devolu\u00e7\u00f5es e descarte.<\/p>\n\n\n\n<h2 class=\"wp-block-heading\">Repelentes tamb\u00e9m tiveram comercializa\u00e7\u00e3o proibida pela Anvisa<\/h2>\n\n\n\n<p>Vale destacar que o protetor solar n\u00e3o foi o \u00fanico produto da Henlau Qu\u00edmica que a Anvisa tirou de circula\u00e7\u00e3o nessa semana, j\u00e1 que <strong>repelentes fabricados pela empresa <\/strong>tamb\u00e9m apresentaram falhas.<\/p>\n\n\n\n<p>Segundo a ag\u00eancia, os problemas identificados na composi\u00e7\u00e3o do produto levantam d\u00favidas sobre sua efic\u00e1cia contra insetos e podem aumentar o risco de exposi\u00e7\u00e3o a doen\u00e7as transmitidas por mosquitos, justamente pela falsa sensa\u00e7\u00e3o de seguran\u00e7a. Os itens proibidos incluem:<\/p>\n\n\n\n<ul class=\"wp-block-list\">\n<li><strong>Repelente gel baby Amor\u00e1vel;<\/strong><\/li>\n\n\n\n<li><strong>Sunlau spray repelente com DEET;<\/strong><\/li>\n\n\n\n<li><strong>Needs repelente de insetos com icaridina nas vers\u00f5es spray e gel infantil.<\/strong><\/li>\n<\/ul>\n\n\n\n<p>Assim como no caso dos protetores, o \u00f3rg\u00e3o tamb\u00e9m recomenda que os cidad\u00e3os deixem de usar os repelentes e procurem canais oficiais do fabricante ou do local de compra para reaver o dinheiro, caso tenham adquirido os produtos.<\/p>\n","protected":false},"excerpt":{"rendered":"<p>Durante uma inspe\u00e7\u00e3o recente, realizada entre 14 e 17 de abril, Ag\u00eancia Nacional de Vigil\u00e2ncia Sanit\u00e1ria (Anvisa) identificou irregularidades no processo de produ\u00e7\u00e3o de protetores solares desenvolvidos pela empresa Henlau Qu\u00edmica Ltda.. De acordo com o relat\u00f3rio do \u00f3rg\u00e3o, as falhas est\u00e3o relacionadas ao descumprimento das normas de Boas Pr\u00e1ticas de Fabrica\u00e7\u00e3o, que consistem em [&hellip;]<\/p>\n","protected":false},"author":15,"featured_media":26339,"comment_status":"open","ping_status":"open","sticky":false,"template":"","format":"standard","meta":{"jnews-multi-image_gallery":[],"jnews_single_post":{"format":"standard"},"jnews_primary_category":[],"jnews_social_meta":[],"jnews_post_split":[],"footnotes":""},"categories":[1],"tags":[],"class_list":["post-26338","post","type-post","status-publish","format-standard","has-post-thumbnail","hentry","category-uncategorized"],"_links":{"self":[{"href":"https:\/\/diariodepernambuco.audiencelabs.com.br\/wp-json\/wp\/v2\/posts\/26338","targetHints":{"allow":["GET"]}}],"collection":[{"href":"https:\/\/diariodepernambuco.audiencelabs.com.br\/wp-json\/wp\/v2\/posts"}],"about":[{"href":"https:\/\/diariodepernambuco.audiencelabs.com.br\/wp-json\/wp\/v2\/types\/post"}],"author":[{"embeddable":true,"href":"https:\/\/diariodepernambuco.audiencelabs.com.br\/wp-json\/wp\/v2\/users\/15"}],"replies":[{"embeddable":true,"href":"https:\/\/diariodepernambuco.audiencelabs.com.br\/wp-json\/wp\/v2\/comments?post=26338"}],"version-history":[{"count":1,"href":"https:\/\/diariodepernambuco.audiencelabs.com.br\/wp-json\/wp\/v2\/posts\/26338\/revisions"}],"predecessor-version":[{"id":26355,"href":"https:\/\/diariodepernambuco.audiencelabs.com.br\/wp-json\/wp\/v2\/posts\/26338\/revisions\/26355"}],"wp:featuredmedia":[{"embeddable":true,"href":"https:\/\/diariodepernambuco.audiencelabs.com.br\/wp-json\/wp\/v2\/media\/26339"}],"wp:attachment":[{"href":"https:\/\/diariodepernambuco.audiencelabs.com.br\/wp-json\/wp\/v2\/media?parent=26338"}],"wp:term":[{"taxonomy":"category","embeddable":true,"href":"https:\/\/diariodepernambuco.audiencelabs.com.br\/wp-json\/wp\/v2\/categories?post=26338"},{"taxonomy":"post_tag","embeddable":true,"href":"https:\/\/diariodepernambuco.audiencelabs.com.br\/wp-json\/wp\/v2\/tags?post=26338"}],"curies":[{"name":"wp","href":"https:\/\/api.w.org\/{rel}","templated":true}]}}