{"id":26341,"date":"2026-05-02T07:17:00","date_gmt":"2026-05-02T10:17:00","guid":{"rendered":"https:\/\/diariodepernambuco.audiencelabs.com.br\/?p=26341"},"modified":"2026-04-29T13:53:28","modified_gmt":"2026-04-29T16:53:28","slug":"8-marcas-de-cafe-muito-populares-e-amadas-no-brasil-foram-suspensas-pela-anvisa-em-2025","status":"publish","type":"post","link":"https:\/\/diariodepernambuco.audiencelabs.com.br\/8-marcas-de-cafe-muito-populares-e-amadas-no-brasil-foram-suspensas-pela-anvisa-em-2025\/","title":{"rendered":"8 marcas de caf\u00e9 muito populares e amadas no Brasil foram suspensas pela Anvisa em 2025"},"content":{"rendered":"\n<p>A Anvisa realizou uma s\u00e9rie de fiscaliza\u00e7\u00f5es ao longo de 2025 que resultaram na suspens\u00e3o e proibi\u00e7\u00e3o de diversas marcas de caf\u00e9 e bebidas similares no pa\u00eds. As medidas foram tomadas ap\u00f3s a identifica\u00e7\u00e3o de irregularidades graves que colocavam em risco a sa\u00fade dos consumidores. Entre os problemas encontrados estavam contamina\u00e7\u00f5es, fraudes na composi\u00e7\u00e3o e falhas no processo de fabrica\u00e7\u00e3o.<\/p>\n\n\n\n<p>Entre as marcas mais conhecidas atingidas pelas decis\u00f5es est\u00e3o Melissa, Pingo Preto e Oficial do Brasil, que foram proibidas ainda no primeiro semestre. Os produtos foram classificados como \u201ccaf\u00e9 fake\u201d, pois utilizavam res\u00edduos e mat\u00e9rias-primas inadequadas no lugar do caf\u00e9 tradicional.<\/p>\n\n\n\n<p>Al\u00e9m disso, an\u00e1lises identificaram a presen\u00e7a de ocratoxina A, subst\u00e2ncia t\u00f3xica produzida por fungos e considerada prejudicial \u00e0 sa\u00fade. Outras marcas tamb\u00e9m entraram na lista ao longo do ano, ampliando o n\u00famero de suspens\u00f5es. Entre elas est\u00e3o Caf\u00e9 C\u00e2mara, Fellow Criativo (da Cafellow) e Vibe Coffee.<\/p>\n\n\n\n<p>Al\u00e9m dessas, opera\u00e7\u00f5es do Minist\u00e9rio da Agricultura tamb\u00e9m determinaram o recolhimento de marcas como Terra da Gente, Jalap\u00e3o, Made in Brazil e Q-Del\u00edcia, ap\u00f3s identifica\u00e7\u00e3o de impurezas acima do permitido. Embora nem todas tenham sido proibidas definitivamente pela Anvisa, elas entraram no radar das autoridades sanit\u00e1rias.<\/p>\n\n\n\n<h2 class=\"wp-block-heading\">Entenda os motivos das suspens\u00f5es e os riscos ao consumidor<\/h2>\n\n\n\n<p>As decis\u00f5es das autoridades foram motivadas principalmente por problemas graves na qualidade dos produtos. Entre os principais fatores est\u00e3o a presen\u00e7a de subst\u00e2ncias t\u00f3xicas, uso de mat\u00e9rias-primas impr\u00f3prias e at\u00e9 fraudes na composi\u00e7\u00e3o, com produtos vendidos como caf\u00e9 sem realmente serem caf\u00e9.<\/p>\n\n\n\n<p>Tamb\u00e9m foram identificadas falhas na rotulagem, que poderiam induzir o consumidor ao erro. Diante disso, especialistas recomendam que os consumidores fiquem atentos \u00e0 proced\u00eancia dos produtos e sempre verifiquem informa\u00e7\u00f5es no r\u00f3tulo. Em caso de suspeita, a orienta\u00e7\u00e3o \u00e9 interromper o consumo imediatamente e buscar canais oficiais para den\u00fancia.<\/p>\n\n\n\n<p><\/p>\n","protected":false},"excerpt":{"rendered":"<p>A Anvisa realizou uma s\u00e9rie de fiscaliza\u00e7\u00f5es ao longo de 2025 que resultaram na suspens\u00e3o e proibi\u00e7\u00e3o de diversas marcas de caf\u00e9 e bebidas similares no pa\u00eds. As medidas foram tomadas ap\u00f3s a identifica\u00e7\u00e3o de irregularidades graves que colocavam em risco a sa\u00fade dos consumidores. Entre os problemas encontrados estavam contamina\u00e7\u00f5es, fraudes na composi\u00e7\u00e3o e [&hellip;]<\/p>\n","protected":false},"author":4,"featured_media":538,"comment_status":"open","ping_status":"open","sticky":false,"template":"","format":"standard","meta":{"jnews-multi-image_gallery":[],"jnews_single_post":{"format":"standard"},"jnews_primary_category":[],"jnews_social_meta":[],"jnews_post_split":[],"footnotes":""},"categories":[1],"tags":[],"class_list":["post-26341","post","type-post","status-publish","format-standard","has-post-thumbnail","hentry","category-uncategorized"],"_links":{"self":[{"href":"https:\/\/diariodepernambuco.audiencelabs.com.br\/wp-json\/wp\/v2\/posts\/26341","targetHints":{"allow":["GET"]}}],"collection":[{"href":"https:\/\/diariodepernambuco.audiencelabs.com.br\/wp-json\/wp\/v2\/posts"}],"about":[{"href":"https:\/\/diariodepernambuco.audiencelabs.com.br\/wp-json\/wp\/v2\/types\/post"}],"author":[{"embeddable":true,"href":"https:\/\/diariodepernambuco.audiencelabs.com.br\/wp-json\/wp\/v2\/users\/4"}],"replies":[{"embeddable":true,"href":"https:\/\/diariodepernambuco.audiencelabs.com.br\/wp-json\/wp\/v2\/comments?post=26341"}],"version-history":[{"count":2,"href":"https:\/\/diariodepernambuco.audiencelabs.com.br\/wp-json\/wp\/v2\/posts\/26341\/revisions"}],"predecessor-version":[{"id":26345,"href":"https:\/\/diariodepernambuco.audiencelabs.com.br\/wp-json\/wp\/v2\/posts\/26341\/revisions\/26345"}],"wp:featuredmedia":[{"embeddable":true,"href":"https:\/\/diariodepernambuco.audiencelabs.com.br\/wp-json\/wp\/v2\/media\/538"}],"wp:attachment":[{"href":"https:\/\/diariodepernambuco.audiencelabs.com.br\/wp-json\/wp\/v2\/media?parent=26341"}],"wp:term":[{"taxonomy":"category","embeddable":true,"href":"https:\/\/diariodepernambuco.audiencelabs.com.br\/wp-json\/wp\/v2\/categories?post=26341"},{"taxonomy":"post_tag","embeddable":true,"href":"https:\/\/diariodepernambuco.audiencelabs.com.br\/wp-json\/wp\/v2\/tags?post=26341"}],"curies":[{"name":"wp","href":"https:\/\/api.w.org\/{rel}","templated":true}]}}