{"id":26343,"date":"2026-04-30T08:55:00","date_gmt":"2026-04-30T11:55:00","guid":{"rendered":"https:\/\/diariodepernambuco.audiencelabs.com.br\/?p=26343"},"modified":"2026-04-29T14:29:54","modified_gmt":"2026-04-29T17:29:54","slug":"governo-libera-novo-auxilio-para-gas-de-cozinha-e-brasileiros-ja-podem-providenciar","status":"publish","type":"post","link":"https:\/\/diariodepernambuco.audiencelabs.com.br\/governo-libera-novo-auxilio-para-gas-de-cozinha-e-brasileiros-ja-podem-providenciar\/","title":{"rendered":"Governo libera novo aux\u00edlio para g\u00e1s de cozinha e brasileiros j\u00e1 podem providenciar"},"content":{"rendered":"\n<p>O governo federal anunciou uma nova iniciativa para ajudar a evitar que o pre\u00e7o do g\u00e1s de cozinha continue subindo no Brasil. A decis\u00e3o foi tomada por causa das mudan\u00e7as no mercado internacional, que t\u00eam deixado o custo do petr\u00f3leo mais inst\u00e1vel e afetado o valor em v\u00e1rios pa\u00edses.<\/p>\n\n\n\n<p>A medida prev\u00ea a libera\u00e7\u00e3o de <strong>R$ 330 milh\u00f5es<\/strong>, que ser\u00e3o usados como cr\u00e9dito para ajudar na importa\u00e7\u00e3o do g\u00e1s de cozinha. Esse valor n\u00e3o vai diretamente para as pessoas, mas ser\u00e1 aplicado para reduzir o custo de compra do g\u00e1s vindo de outros pa\u00edses, ajudando a equilibrar o pre\u00e7o com o mercado nacional.<\/p>\n\n\n\n<h2 class=\"wp-block-heading\">Importante entender como o aux\u00edlio funciona<\/h2>\n\n\n\n<p>\u00c9 importante refor\u00e7ar que esse aux\u00edlio <strong>n\u00e3o \u00e9 um pagamento feito \u00e0s fam\u00edlias<\/strong>, j\u00e1 que o dinheiro funciona como uma compensa\u00e7\u00e3o financeira para as empresas importadoras, que recebem esse apoio para trazer o g\u00e1s do exterior por um custo menor. Com isso, a ideia \u00e9 evitar que o aumento no mercado internacional seja totalmente repassado para o consumidor.<\/p>\n\n\n\n<h2 class=\"wp-block-heading\">Prazo e poss\u00edveis mudan\u00e7as<\/h2>\n\n\n\n<p>Esse apoio ter\u00e1 dura\u00e7\u00e3o inicial de dois meses, mas pode ser estendido caso a situa\u00e7\u00e3o do mercado internacional continue inst\u00e1vel. Durante esse per\u00edodo, o governo vai acompanhar os resultados para decidir se mant\u00e9m, ajusta ou amplia a medida.<\/p>\n","protected":false},"excerpt":{"rendered":"<p>O governo federal anunciou uma nova iniciativa para ajudar a evitar que o pre\u00e7o do g\u00e1s de cozinha continue subindo no Brasil. A decis\u00e3o foi tomada por causa das mudan\u00e7as no mercado internacional, que t\u00eam deixado o custo do petr\u00f3leo mais inst\u00e1vel e afetado o valor em v\u00e1rios pa\u00edses. A medida prev\u00ea a libera\u00e7\u00e3o de [&hellip;]<\/p>\n","protected":false},"author":17,"featured_media":26370,"comment_status":"open","ping_status":"open","sticky":false,"template":"","format":"standard","meta":{"jnews-multi-image_gallery":[],"jnews_single_post":{"format":"standard"},"jnews_primary_category":[],"jnews_social_meta":[],"jnews_post_split":[],"footnotes":""},"categories":[1],"tags":[],"class_list":["post-26343","post","type-post","status-publish","format-standard","has-post-thumbnail","hentry","category-uncategorized"],"_links":{"self":[{"href":"https:\/\/diariodepernambuco.audiencelabs.com.br\/wp-json\/wp\/v2\/posts\/26343","targetHints":{"allow":["GET"]}}],"collection":[{"href":"https:\/\/diariodepernambuco.audiencelabs.com.br\/wp-json\/wp\/v2\/posts"}],"about":[{"href":"https:\/\/diariodepernambuco.audiencelabs.com.br\/wp-json\/wp\/v2\/types\/post"}],"author":[{"embeddable":true,"href":"https:\/\/diariodepernambuco.audiencelabs.com.br\/wp-json\/wp\/v2\/users\/17"}],"replies":[{"embeddable":true,"href":"https:\/\/diariodepernambuco.audiencelabs.com.br\/wp-json\/wp\/v2\/comments?post=26343"}],"version-history":[{"count":2,"href":"https:\/\/diariodepernambuco.audiencelabs.com.br\/wp-json\/wp\/v2\/posts\/26343\/revisions"}],"predecessor-version":[{"id":26371,"href":"https:\/\/diariodepernambuco.audiencelabs.com.br\/wp-json\/wp\/v2\/posts\/26343\/revisions\/26371"}],"wp:featuredmedia":[{"embeddable":true,"href":"https:\/\/diariodepernambuco.audiencelabs.com.br\/wp-json\/wp\/v2\/media\/26370"}],"wp:attachment":[{"href":"https:\/\/diariodepernambuco.audiencelabs.com.br\/wp-json\/wp\/v2\/media?parent=26343"}],"wp:term":[{"taxonomy":"category","embeddable":true,"href":"https:\/\/diariodepernambuco.audiencelabs.com.br\/wp-json\/wp\/v2\/categories?post=26343"},{"taxonomy":"post_tag","embeddable":true,"href":"https:\/\/diariodepernambuco.audiencelabs.com.br\/wp-json\/wp\/v2\/tags?post=26343"}],"curies":[{"name":"wp","href":"https:\/\/api.w.org\/{rel}","templated":true}]}}