{"id":26346,"date":"2026-05-03T08:41:00","date_gmt":"2026-05-03T11:41:00","guid":{"rendered":"https:\/\/diariodepernambuco.audiencelabs.com.br\/?p=26346"},"modified":"2026-04-29T13:56:04","modified_gmt":"2026-04-29T16:56:04","slug":"governo-do-brasil-tomou-decisao-sobre-horario-de-verao-em-2026","status":"publish","type":"post","link":"https:\/\/diariodepernambuco.audiencelabs.com.br\/governo-do-brasil-tomou-decisao-sobre-horario-de-verao-em-2026\/","title":{"rendered":"Governo do Brasil tomou decis\u00e3o sobre hor\u00e1rio de ver\u00e3o em 2026"},"content":{"rendered":"\n<p>O governo federal bateu o martelo sobre uma d\u00favida que sempre volta \u00e0 tona entre os brasileiros: o hor\u00e1rio de ver\u00e3o n\u00e3o ser\u00e1 adotado em 2026. A decis\u00e3o mant\u00e9m o pa\u00eds no hor\u00e1rio padr\u00e3o durante todo o ano, sem qualquer mudan\u00e7a nos rel\u00f3gios. A medida segue a pol\u00edtica adotada desde 2019, quando o sistema foi suspenso.<\/p>\n\n\n\n<p>A escolha foi baseada em an\u00e1lises t\u00e9cnicas do setor el\u00e9trico, que indicam que o hor\u00e1rio de ver\u00e3o perdeu sua efic\u00e1cia ao longo dos anos. Estudos mostram que a economia de energia, principal objetivo da medida, j\u00e1 n\u00e3o \u00e9 significativa como no passado. Isso ocorre porque o padr\u00e3o de consumo mudou, com maior uso de aparelhos eletr\u00f4nicos e ar-condicionado ao longo do dia.<\/p>\n\n\n\n<p>Outro fator determinante foi a mudan\u00e7a no hor\u00e1rio de pico de consumo de energia no pa\u00eds. Antes concentrado no in\u00edcio da noite, ele passou a ocorrer durante a tarde, por volta das 15h. Isso reduz o impacto do adiantamento dos rel\u00f3gios, tornando a medida menos eficiente. Diante desse cen\u00e1rio, o governo optou por manter o modelo atual sem altera\u00e7\u00f5es.<\/p>\n\n\n\n<p>Mesmo com a decis\u00e3o, o tema ainda segue em avalia\u00e7\u00e3o constante pelo Minist\u00e9rio de Minas e Energia. Isso significa que o hor\u00e1rio de ver\u00e3o n\u00e3o est\u00e1 completamente descartado no futuro, mas depende de novas condi\u00e7\u00f5es no sistema el\u00e9trico. Por enquanto, a orienta\u00e7\u00e3o \u00e9 clara: em 2026, os brasileiros n\u00e3o precisar\u00e3o mexer nos rel\u00f3gios.<\/p>\n\n\n\n<h2 class=\"wp-block-heading\">Entenda por que o hor\u00e1rio de ver\u00e3o foi suspenso<\/h2>\n\n\n\n<p>O hor\u00e1rio de ver\u00e3o foi criado para reduzir o consumo de energia, aproveitando melhor a luz natural ao longo do dia. Durante d\u00e9cadas, a medida ajudou a diminuir o uso de ilumina\u00e7\u00e3o artificial no per\u00edodo da noite. No entanto, com a evolu\u00e7\u00e3o tecnol\u00f3gica e mudan\u00e7as no comportamento da popula\u00e7\u00e3o, esse benef\u00edcio perdeu for\u00e7a.<\/p>\n\n\n\n<p>Desde 2019, quando foi oficialmente suspenso por decreto, o Brasil n\u00e3o voltou a adotar o sistema. A decis\u00e3o foi baseada justamente na baixa efetividade da economia energ\u00e9tica no cen\u00e1rio atual. Assim, o pa\u00eds segue h\u00e1 v\u00e1rios anos sem a mudan\u00e7a de hor\u00e1rio, mantendo uma rotina mais est\u00e1vel para a popula\u00e7\u00e3o.<\/p>\n\n\n\n<p><\/p>\n","protected":false},"excerpt":{"rendered":"<p>O governo federal bateu o martelo sobre uma d\u00favida que sempre volta \u00e0 tona entre os brasileiros: o hor\u00e1rio de ver\u00e3o n\u00e3o ser\u00e1 adotado em 2026. A decis\u00e3o mant\u00e9m o pa\u00eds no hor\u00e1rio padr\u00e3o durante todo o ano, sem qualquer mudan\u00e7a nos rel\u00f3gios. A medida segue a pol\u00edtica adotada desde 2019, quando o sistema foi [&hellip;]<\/p>\n","protected":false},"author":4,"featured_media":4090,"comment_status":"open","ping_status":"open","sticky":false,"template":"","format":"standard","meta":{"jnews-multi-image_gallery":[],"jnews_single_post":{"format":"standard"},"jnews_primary_category":[],"jnews_social_meta":[],"jnews_post_split":[],"footnotes":""},"categories":[1],"tags":[],"class_list":["post-26346","post","type-post","status-publish","format-standard","has-post-thumbnail","hentry","category-uncategorized"],"_links":{"self":[{"href":"https:\/\/diariodepernambuco.audiencelabs.com.br\/wp-json\/wp\/v2\/posts\/26346","targetHints":{"allow":["GET"]}}],"collection":[{"href":"https:\/\/diariodepernambuco.audiencelabs.com.br\/wp-json\/wp\/v2\/posts"}],"about":[{"href":"https:\/\/diariodepernambuco.audiencelabs.com.br\/wp-json\/wp\/v2\/types\/post"}],"author":[{"embeddable":true,"href":"https:\/\/diariodepernambuco.audiencelabs.com.br\/wp-json\/wp\/v2\/users\/4"}],"replies":[{"embeddable":true,"href":"https:\/\/diariodepernambuco.audiencelabs.com.br\/wp-json\/wp\/v2\/comments?post=26346"}],"version-history":[{"count":3,"href":"https:\/\/diariodepernambuco.audiencelabs.com.br\/wp-json\/wp\/v2\/posts\/26346\/revisions"}],"predecessor-version":[{"id":26350,"href":"https:\/\/diariodepernambuco.audiencelabs.com.br\/wp-json\/wp\/v2\/posts\/26346\/revisions\/26350"}],"wp:featuredmedia":[{"embeddable":true,"href":"https:\/\/diariodepernambuco.audiencelabs.com.br\/wp-json\/wp\/v2\/media\/4090"}],"wp:attachment":[{"href":"https:\/\/diariodepernambuco.audiencelabs.com.br\/wp-json\/wp\/v2\/media?parent=26346"}],"wp:term":[{"taxonomy":"category","embeddable":true,"href":"https:\/\/diariodepernambuco.audiencelabs.com.br\/wp-json\/wp\/v2\/categories?post=26346"},{"taxonomy":"post_tag","embeddable":true,"href":"https:\/\/diariodepernambuco.audiencelabs.com.br\/wp-json\/wp\/v2\/tags?post=26346"}],"curies":[{"name":"wp","href":"https:\/\/api.w.org\/{rel}","templated":true}]}}