{"id":26361,"date":"2026-05-03T05:39:00","date_gmt":"2026-05-03T08:39:00","guid":{"rendered":"https:\/\/diariodepernambuco.audiencelabs.com.br\/?p=26361"},"modified":"2026-04-29T14:21:20","modified_gmt":"2026-04-29T17:21:20","slug":"governo-emitiu-alerta-para-quem-tem-documento-de-identidade-antigo","status":"publish","type":"post","link":"https:\/\/diariodepernambuco.audiencelabs.com.br\/governo-emitiu-alerta-para-quem-tem-documento-de-identidade-antigo\/","title":{"rendered":"Governo emitiu alerta para quem tem documento de identidade antigo"},"content":{"rendered":"\n<p>O governo federal emitiu um alerta importante para milh\u00f5es de brasileiros que ainda utilizam o antigo RG como principal documento de identifica\u00e7\u00e3o. A medida faz parte da transi\u00e7\u00e3o para a nova Carteira de Identidade Nacional (CIN), que vem sendo implantada em todo o pa\u00eds. A mudan\u00e7a busca modernizar o sistema e aumentar a seguran\u00e7a dos dados dos cidad\u00e3os.<\/p>\n\n\n\n<p>Apesar do alerta, n\u00e3o h\u00e1 necessidade de correria imediata para realizar a troca. O RG antigo continua v\u00e1lido em todo o territ\u00f3rio nacional por mais alguns anos, permitindo uma transi\u00e7\u00e3o gradual. A recomenda\u00e7\u00e3o das autoridades \u00e9 que a substitui\u00e7\u00e3o seja feita aos poucos, evitando filas e alta demanda nos \u00faltimos momentos.<\/p>\n\n\n\n<p>O ponto principal do comunicado \u00e9 que o documento antigo j\u00e1 tem data definida para deixar de ser aceito oficialmente. O prazo final estabelecido pelo governo \u00e9 28 de fevereiro de 2032, quando a nova identidade passar\u00e1 a ser obrigat\u00f3ria. Ap\u00f3s essa data, apenas a nova vers\u00e3o ser\u00e1 reconhecida como documento padr\u00e3o em todo o Brasil.<\/p>\n\n\n\n<p>Outro destaque da nova identidade \u00e9 a unifica\u00e7\u00e3o dos dados por meio do CPF, que passa a ser o n\u00famero \u00fanico de identifica\u00e7\u00e3o do cidad\u00e3o. Essa mudan\u00e7a evita duplicidade de registros entre estados e aumenta a seguran\u00e7a contra fraudes. Al\u00e9m disso, o novo documento conta com QR Code e vers\u00e3o digital integrada ao aplicativo Gov.br.<\/p>\n\n\n\n<h2 class=\"wp-block-heading\">Entenda quem precisa trocar e como funciona a mudan\u00e7a<\/h2>\n\n\n\n<p>A troca para a nova Carteira de Identidade Nacional ser\u00e1 obrigat\u00f3ria at\u00e9 2032, mas acontece de forma gradual e sem exig\u00eancia imediata. Pessoas com documentos muito antigos, danificados ou com foto desatualizada podem enfrentar dificuldades antes mesmo do prazo final. Por isso, a recomenda\u00e7\u00e3o \u00e9 antecipar a emiss\u00e3o sempre que poss\u00edvel.<\/p>\n\n\n\n<p>Um ponto importante \u00e9 que idosos com 60 anos ou mais em 2022 n\u00e3o s\u00e3o obrigados a fazer a substitui\u00e7\u00e3o, podendo manter o RG antigo por tempo indeterminado. J\u00e1 para os demais brasileiros, a nova identidade deve se tornar o principal documento nos pr\u00f3ximos anos. A mudan\u00e7a representa um avan\u00e7o na padroniza\u00e7\u00e3o e na seguran\u00e7a da identifica\u00e7\u00e3o no pa\u00eds.<\/p>\n\n\n\n<p><\/p>\n","protected":false},"excerpt":{"rendered":"<p>O governo federal emitiu um alerta importante para milh\u00f5es de brasileiros que ainda utilizam o antigo RG como principal documento de identifica\u00e7\u00e3o. A medida faz parte da transi\u00e7\u00e3o para a nova Carteira de Identidade Nacional (CIN), que vem sendo implantada em todo o pa\u00eds. A mudan\u00e7a busca modernizar o sistema e aumentar a seguran\u00e7a dos [&hellip;]<\/p>\n","protected":false},"author":4,"featured_media":7685,"comment_status":"open","ping_status":"open","sticky":false,"template":"","format":"standard","meta":{"jnews-multi-image_gallery":[],"jnews_single_post":{"format":"standard"},"jnews_primary_category":[],"jnews_social_meta":[],"jnews_post_split":[],"footnotes":""},"categories":[1],"tags":[],"class_list":["post-26361","post","type-post","status-publish","format-standard","has-post-thumbnail","hentry","category-uncategorized"],"_links":{"self":[{"href":"https:\/\/diariodepernambuco.audiencelabs.com.br\/wp-json\/wp\/v2\/posts\/26361","targetHints":{"allow":["GET"]}}],"collection":[{"href":"https:\/\/diariodepernambuco.audiencelabs.com.br\/wp-json\/wp\/v2\/posts"}],"about":[{"href":"https:\/\/diariodepernambuco.audiencelabs.com.br\/wp-json\/wp\/v2\/types\/post"}],"author":[{"embeddable":true,"href":"https:\/\/diariodepernambuco.audiencelabs.com.br\/wp-json\/wp\/v2\/users\/4"}],"replies":[{"embeddable":true,"href":"https:\/\/diariodepernambuco.audiencelabs.com.br\/wp-json\/wp\/v2\/comments?post=26361"}],"version-history":[{"count":3,"href":"https:\/\/diariodepernambuco.audiencelabs.com.br\/wp-json\/wp\/v2\/posts\/26361\/revisions"}],"predecessor-version":[{"id":26365,"href":"https:\/\/diariodepernambuco.audiencelabs.com.br\/wp-json\/wp\/v2\/posts\/26361\/revisions\/26365"}],"wp:featuredmedia":[{"embeddable":true,"href":"https:\/\/diariodepernambuco.audiencelabs.com.br\/wp-json\/wp\/v2\/media\/7685"}],"wp:attachment":[{"href":"https:\/\/diariodepernambuco.audiencelabs.com.br\/wp-json\/wp\/v2\/media?parent=26361"}],"wp:term":[{"taxonomy":"category","embeddable":true,"href":"https:\/\/diariodepernambuco.audiencelabs.com.br\/wp-json\/wp\/v2\/categories?post=26361"},{"taxonomy":"post_tag","embeddable":true,"href":"https:\/\/diariodepernambuco.audiencelabs.com.br\/wp-json\/wp\/v2\/tags?post=26361"}],"curies":[{"name":"wp","href":"https:\/\/api.w.org\/{rel}","templated":true}]}}