{"id":26372,"date":"2026-04-30T19:15:00","date_gmt":"2026-04-30T22:15:00","guid":{"rendered":"https:\/\/diariodepernambuco.audiencelabs.com.br\/?p=26372"},"modified":"2026-04-29T14:43:58","modified_gmt":"2026-04-29T17:43:58","slug":"governo-confirma-fechamento-e-suspensao-das-aulas-em-todas-escolas-no-mes-de-maio","status":"publish","type":"post","link":"https:\/\/diariodepernambuco.audiencelabs.com.br\/governo-confirma-fechamento-e-suspensao-das-aulas-em-todas-escolas-no-mes-de-maio\/","title":{"rendered":"Governo confirma fechamento e suspens\u00e3o das aulas em todas escolas no m\u00eas de maio"},"content":{"rendered":"\n<p>No dia <strong>1\u00ba de maio<\/strong>, as escolas de todo o pa\u00eds n\u00e3o ter\u00e3o aulas por causa do <strong>Dia do Trabalho<\/strong>, que \u00e9 um feriado nacional. Nessa data, as atividades escolares s\u00e3o suspensas e alunos n\u00e3o precisam comparecer. Como o feriado cai na sexta-feira, pr\u00f3ximo ao fim de semana, acaba formando alguns dias seguidos de descanso.<\/p>\n\n\n\n<p>Essa pausa j\u00e1 faz parte da programa\u00e7\u00e3o normal das escolas e n\u00e3o muda o andamento do m\u00eas de maio. Depois do feriado, as aulas continuam normalmente, seguindo o cronograma que j\u00e1 estava planejado. As escolas podem, sim, fazer pequenos ajustes internos para organizar melhor o conte\u00fado, mas sem grandes mudan\u00e7as ou interrup\u00e7\u00f5es maiores.<\/p>\n\n\n\n<h2 class=\"wp-block-heading\">Um curto momento de descanso<\/h2>\n\n\n\n<p>Para professores, estudantes e fam\u00edlias, esse feriado representa uma pequena pausa no meio da rotina escolar. \u00c9 um momento que pode ser usado para descansar, passar mais tempo em fam\u00edlia ou at\u00e9 fazer pequenas viagens. Mesmo assim, o intervalo \u00e9 curto, e logo depois as aulas voltam ao normal, mantendo o andamento do ano letivo sem outras mudan\u00e7as.<\/p>\n","protected":false},"excerpt":{"rendered":"<p>No dia 1\u00ba de maio, as escolas de todo o pa\u00eds n\u00e3o ter\u00e3o aulas por causa do Dia do Trabalho, que \u00e9 um feriado nacional. Nessa data, as atividades escolares s\u00e3o suspensas e alunos n\u00e3o precisam comparecer. Como o feriado cai na sexta-feira, pr\u00f3ximo ao fim de semana, acaba formando alguns dias seguidos de descanso. [&hellip;]<\/p>\n","protected":false},"author":17,"featured_media":25211,"comment_status":"open","ping_status":"open","sticky":false,"template":"","format":"standard","meta":{"jnews-multi-image_gallery":[],"jnews_single_post":{"format":"standard"},"jnews_primary_category":[],"jnews_social_meta":[],"jnews_post_split":[],"footnotes":""},"categories":[1],"tags":[],"class_list":["post-26372","post","type-post","status-publish","format-standard","has-post-thumbnail","hentry","category-uncategorized"],"_links":{"self":[{"href":"https:\/\/diariodepernambuco.audiencelabs.com.br\/wp-json\/wp\/v2\/posts\/26372","targetHints":{"allow":["GET"]}}],"collection":[{"href":"https:\/\/diariodepernambuco.audiencelabs.com.br\/wp-json\/wp\/v2\/posts"}],"about":[{"href":"https:\/\/diariodepernambuco.audiencelabs.com.br\/wp-json\/wp\/v2\/types\/post"}],"author":[{"embeddable":true,"href":"https:\/\/diariodepernambuco.audiencelabs.com.br\/wp-json\/wp\/v2\/users\/17"}],"replies":[{"embeddable":true,"href":"https:\/\/diariodepernambuco.audiencelabs.com.br\/wp-json\/wp\/v2\/comments?post=26372"}],"version-history":[{"count":2,"href":"https:\/\/diariodepernambuco.audiencelabs.com.br\/wp-json\/wp\/v2\/posts\/26372\/revisions"}],"predecessor-version":[{"id":26385,"href":"https:\/\/diariodepernambuco.audiencelabs.com.br\/wp-json\/wp\/v2\/posts\/26372\/revisions\/26385"}],"wp:featuredmedia":[{"embeddable":true,"href":"https:\/\/diariodepernambuco.audiencelabs.com.br\/wp-json\/wp\/v2\/media\/25211"}],"wp:attachment":[{"href":"https:\/\/diariodepernambuco.audiencelabs.com.br\/wp-json\/wp\/v2\/media?parent=26372"}],"wp:term":[{"taxonomy":"category","embeddable":true,"href":"https:\/\/diariodepernambuco.audiencelabs.com.br\/wp-json\/wp\/v2\/categories?post=26372"},{"taxonomy":"post_tag","embeddable":true,"href":"https:\/\/diariodepernambuco.audiencelabs.com.br\/wp-json\/wp\/v2\/tags?post=26372"}],"curies":[{"name":"wp","href":"https:\/\/api.w.org\/{rel}","templated":true}]}}