{"id":26386,"date":"2026-04-30T20:15:00","date_gmt":"2026-04-30T23:15:00","guid":{"rendered":"https:\/\/diariodepernambuco.audiencelabs.com.br\/?p=26386"},"modified":"2026-04-29T15:09:31","modified_gmt":"2026-04-29T18:09:31","slug":"onde-vai-chover-e-onde-vai-fazer-sol-no-feriado-do-1o-de-maio","status":"publish","type":"post","link":"https:\/\/diariodepernambuco.audiencelabs.com.br\/onde-vai-chover-e-onde-vai-fazer-sol-no-feriado-do-1o-de-maio\/","title":{"rendered":"Onde vai chover e onde vai fazer sol no feriado do 1\u00ba de maio?"},"content":{"rendered":"\n<p>O feriado de 1\u00ba de maio ter\u00e1 um cen\u00e1rio bem variado pelo Brasil, com algumas regi\u00f5es enfrentando chuva e frio, enquanto outras continuam com sol e calor. A previs\u00e3o indica mudan\u00e7as ao longo dos dias, ent\u00e3o vale a pena se planejar antes de sair de casa. As informa\u00e7\u00f5es s\u00e3o do <em>Canal Rural<\/em>.<\/p>\n\n\n\n<h2 class=\"wp-block-heading\">Norte: calor com pancadas de chuva<\/h2>\n\n\n\n<p>Na regi\u00e3o Norte, o calor e a umidade continuam, o que favorece a forma\u00e7\u00e3o de nuvens carregadas. Isso significa chuva forte em alguns momentos do dia, principalmente nas \u00e1reas mais ao norte. J\u00e1 no sul da regi\u00e3o, o tempo varia, com per\u00edodos de sol e pancadas de chuva ao longo do feriado.<\/p>\n\n\n\n<h2 class=\"wp-block-heading\">Nordeste: chuva em v\u00e1rias \u00e1reas<\/h2>\n\n\n\n<p>No Nordeste, a chuva persiste na faixa norte da regi\u00e3o, com pancadas que podem ser fortes em alguns momentos. No litoral leste, o tempo fica mais \u00famido e chuva aparecendo com frequ\u00eancia.<\/p>\n\n\n\n<h2 class=\"wp-block-heading\">Centro-Oeste: sol e tempo seco<\/h2>\n\n\n\n<p>Quem estiver no Centro-Oeste vai encontrar dias de sol forte e calor. A umidade do ar fica mais baixa, o que pode causar desconforto, principalmente \u00e0 tarde. No sul da regi\u00e3o, o tempo pode mudar um pouco no fim de semana, com aumento de nuvens e chance de pancadas de chuva, mas sem grandes quedas de temperatura.<\/p>\n\n\n\n<h2 class=\"wp-block-heading\">Sudeste: tempo inst\u00e1vel<\/h2>\n\n\n\n<p>No Sudeste, o clima n\u00e3o ser\u00e1 igual em todos os estados. Em partes de S\u00e3o Paulo, principalmente mais pr\u00f3ximas do litoral, o c\u00e9u fica mais fechado, com chuva em v\u00e1rios momentos. No Rio de Janeiro, o tempo come\u00e7a mais firme, mas a chuva chega no domingo e pode ficar mais forte ao longo do dia. J\u00e1 em Minas Gerais e no Esp\u00edrito Santo, o sol aparece mais, e a chuva deve acontecer de forma r\u00e1pida e isolada no fim do feriado.<\/p>\n\n\n\n<h2 class=\"wp-block-heading\">Sul: chuva e queda de temperatura<\/h2>\n\n\n\n<p>Na regi\u00e3o Sul, o tempo muda bastante com a chegada de uma frente fria. A chuva aparece j\u00e1 no come\u00e7o do feriado e pode vir acompanhada de vento. Com o passar dos dias, o frio ganha for\u00e7a e as temperaturas caem, deixando o clima parecido com inverno.<\/p>\n","protected":false},"excerpt":{"rendered":"<p>O feriado de 1\u00ba de maio ter\u00e1 um cen\u00e1rio bem variado pelo Brasil, com algumas regi\u00f5es enfrentando chuva e frio, enquanto outras continuam com sol e calor. A previs\u00e3o indica mudan\u00e7as ao longo dos dias, ent\u00e3o vale a pena se planejar antes de sair de casa. As informa\u00e7\u00f5es s\u00e3o do Canal Rural. Norte: calor com [&hellip;]<\/p>\n","protected":false},"author":17,"featured_media":15838,"comment_status":"open","ping_status":"open","sticky":false,"template":"","format":"standard","meta":{"jnews-multi-image_gallery":[],"jnews_single_post":{"format":"standard"},"jnews_primary_category":[],"jnews_social_meta":[],"jnews_post_split":[],"footnotes":""},"categories":[1],"tags":[],"class_list":["post-26386","post","type-post","status-publish","format-standard","has-post-thumbnail","hentry","category-uncategorized"],"_links":{"self":[{"href":"https:\/\/diariodepernambuco.audiencelabs.com.br\/wp-json\/wp\/v2\/posts\/26386","targetHints":{"allow":["GET"]}}],"collection":[{"href":"https:\/\/diariodepernambuco.audiencelabs.com.br\/wp-json\/wp\/v2\/posts"}],"about":[{"href":"https:\/\/diariodepernambuco.audiencelabs.com.br\/wp-json\/wp\/v2\/types\/post"}],"author":[{"embeddable":true,"href":"https:\/\/diariodepernambuco.audiencelabs.com.br\/wp-json\/wp\/v2\/users\/17"}],"replies":[{"embeddable":true,"href":"https:\/\/diariodepernambuco.audiencelabs.com.br\/wp-json\/wp\/v2\/comments?post=26386"}],"version-history":[{"count":2,"href":"https:\/\/diariodepernambuco.audiencelabs.com.br\/wp-json\/wp\/v2\/posts\/26386\/revisions"}],"predecessor-version":[{"id":26391,"href":"https:\/\/diariodepernambuco.audiencelabs.com.br\/wp-json\/wp\/v2\/posts\/26386\/revisions\/26391"}],"wp:featuredmedia":[{"embeddable":true,"href":"https:\/\/diariodepernambuco.audiencelabs.com.br\/wp-json\/wp\/v2\/media\/15838"}],"wp:attachment":[{"href":"https:\/\/diariodepernambuco.audiencelabs.com.br\/wp-json\/wp\/v2\/media?parent=26386"}],"wp:term":[{"taxonomy":"category","embeddable":true,"href":"https:\/\/diariodepernambuco.audiencelabs.com.br\/wp-json\/wp\/v2\/categories?post=26386"},{"taxonomy":"post_tag","embeddable":true,"href":"https:\/\/diariodepernambuco.audiencelabs.com.br\/wp-json\/wp\/v2\/tags?post=26386"}],"curies":[{"name":"wp","href":"https:\/\/api.w.org\/{rel}","templated":true}]}}