{"id":26388,"date":"2026-04-30T17:15:00","date_gmt":"2026-04-30T20:15:00","guid":{"rendered":"https:\/\/diariodepernambuco.audiencelabs.com.br\/?p=26388"},"modified":"2026-04-29T15:24:05","modified_gmt":"2026-04-29T18:24:05","slug":"onde-vai-ser-o-show-da-shakira-no-brasil","status":"publish","type":"post","link":"https:\/\/diariodepernambuco.audiencelabs.com.br\/onde-vai-ser-o-show-da-shakira-no-brasil\/","title":{"rendered":"Onde vai ser o show da Shakira no Brasil?"},"content":{"rendered":"\n<p>A cantora colombiana Shakira j\u00e1 chegou no Brasil para realizar um show que pode ser o maior de sua carreira. O espet\u00e1culo acontecer\u00e1 na <strong>Praia de Copacabana<\/strong>, um dos lugares mais conhecidos do pa\u00eds, e est\u00e1 marcado para s\u00e1bado, <strong>dia 2 de maio<\/strong>.<\/p>\n\n\n\n<p>O palco j\u00e1 est\u00e1 praticamente pronto e montado nas areias da praia, bem em frente ao Copacabana Palace. A previs\u00e3o \u00e9 que o show comece entre 21h30 e 21h45, e ter\u00e1 transmiss\u00e3o ao vivo pela Globo e Multishow.<\/p>\n\n\n\n<h2 class=\"wp-block-heading\">Estrutura do evento<\/h2>\n\n\n\n<p>Para dar conta de um p\u00fablico <strong>enorme<\/strong>, o palco ter\u00e1 cerca de 1.500 metros quadrados e contar\u00e1 com 16 torres de som e v\u00eddeo espalhadas pela praia. Isso ajuda a garantir que o p\u00fablico consiga ver e ouvir bem o show, mesmo quem estiver mais afastado.<\/p>\n\n\n\n<p>O evento \u00e9 gratuito e faz parte do projeto <strong>Todo Mundo no Rio<\/strong>, que busca levar grandes shows ao p\u00fablico sem cobran\u00e7a, como foi com Madonna e Lady Gaga.<\/p>\n\n\n\n<h2 class=\"wp-block-heading\">Expectativa para o show<\/h2>\n\n\n\n<p>Com a cantora j\u00e1 no Brasil, a expectativa do f\u00e3s s\u00f3 aumenta. O show deve reunir muitos admiradores da artista e trazer v\u00e1rios sucessos, em uma noite que tem tudo para entrar para a hist\u00f3ria.<\/p>\n","protected":false},"excerpt":{"rendered":"<p>A cantora colombiana Shakira j\u00e1 chegou no Brasil para realizar um show que pode ser o maior de sua carreira. O espet\u00e1culo acontecer\u00e1 na Praia de Copacabana, um dos lugares mais conhecidos do pa\u00eds, e est\u00e1 marcado para s\u00e1bado, dia 2 de maio. O palco j\u00e1 est\u00e1 praticamente pronto e montado nas areias da praia, [&hellip;]<\/p>\n","protected":false},"author":17,"featured_media":18375,"comment_status":"open","ping_status":"open","sticky":false,"template":"","format":"standard","meta":{"jnews-multi-image_gallery":[],"jnews_single_post":{"format":"standard"},"jnews_primary_category":[],"jnews_social_meta":[],"jnews_post_split":[],"footnotes":""},"categories":[1],"tags":[],"class_list":["post-26388","post","type-post","status-publish","format-standard","has-post-thumbnail","hentry","category-uncategorized"],"_links":{"self":[{"href":"https:\/\/diariodepernambuco.audiencelabs.com.br\/wp-json\/wp\/v2\/posts\/26388","targetHints":{"allow":["GET"]}}],"collection":[{"href":"https:\/\/diariodepernambuco.audiencelabs.com.br\/wp-json\/wp\/v2\/posts"}],"about":[{"href":"https:\/\/diariodepernambuco.audiencelabs.com.br\/wp-json\/wp\/v2\/types\/post"}],"author":[{"embeddable":true,"href":"https:\/\/diariodepernambuco.audiencelabs.com.br\/wp-json\/wp\/v2\/users\/17"}],"replies":[{"embeddable":true,"href":"https:\/\/diariodepernambuco.audiencelabs.com.br\/wp-json\/wp\/v2\/comments?post=26388"}],"version-history":[{"count":3,"href":"https:\/\/diariodepernambuco.audiencelabs.com.br\/wp-json\/wp\/v2\/posts\/26388\/revisions"}],"predecessor-version":[{"id":26392,"href":"https:\/\/diariodepernambuco.audiencelabs.com.br\/wp-json\/wp\/v2\/posts\/26388\/revisions\/26392"}],"wp:featuredmedia":[{"embeddable":true,"href":"https:\/\/diariodepernambuco.audiencelabs.com.br\/wp-json\/wp\/v2\/media\/18375"}],"wp:attachment":[{"href":"https:\/\/diariodepernambuco.audiencelabs.com.br\/wp-json\/wp\/v2\/media?parent=26388"}],"wp:term":[{"taxonomy":"category","embeddable":true,"href":"https:\/\/diariodepernambuco.audiencelabs.com.br\/wp-json\/wp\/v2\/categories?post=26388"},{"taxonomy":"post_tag","embeddable":true,"href":"https:\/\/diariodepernambuco.audiencelabs.com.br\/wp-json\/wp\/v2\/tags?post=26388"}],"curies":[{"name":"wp","href":"https:\/\/api.w.org\/{rel}","templated":true}]}}