{"id":26393,"date":"2026-04-30T22:59:00","date_gmt":"2026-05-01T01:59:00","guid":{"rendered":"https:\/\/diariodepernambuco.audiencelabs.com.br\/?p=26393"},"modified":"2026-04-29T17:03:01","modified_gmt":"2026-04-29T20:03:01","slug":"brasileiros-poder-ter-celulares-bloqueados-por-empresas-se-nao-pagarem-as-contas","status":"publish","type":"post","link":"https:\/\/diariodepernambuco.audiencelabs.com.br\/brasileiros-poder-ter-celulares-bloqueados-por-empresas-se-nao-pagarem-as-contas\/","title":{"rendered":"Brasileiros poder ter celulares bloqueados por empresas se n\u00e3o pagarem as contas"},"content":{"rendered":"\n<p>Uma decis\u00e3o recente no Cear\u00e1 agora permite que empresas <strong>bloqueiem celulares de clientes que atrasarem o pagamento das parcelas<\/strong>. Essa possibilidade tem gerado d\u00favida e tamb\u00e9m bastante discuss\u00e3o sobre os direitos dos consumidores.<\/p>\n\n\n\n<p>O bloqueio funciona mais ou menos assim: quando uma pessoa compra um celular parcelado, principalmente por meio de financiamento, pode haver um aplicativo instalado no aparelho e, se o cliente deixar de pagar, esse aplicativo pode limitar o uso do celular.<\/p>\n\n\n\n<p>Esse sistema faz parte do contrato e serve como uma forma de garantia para a empresa. Em alguns casos, o aparelho continua ligado, mas as fun\u00e7\u00f5es s\u00e3o reduzidas.<\/p>\n\n\n\n<h2 class=\"wp-block-heading\">O que decidiu a Justi\u00e7a<\/h2>\n\n\n\n<p>Uma lei estadual que tentava proibir essa pr\u00e1tica deixou de ser v\u00e1lida e, por decis\u00e3o da Justi\u00e7a local, esse tipo de bloqueio continua acontecendo. O motivo principal foi que o assunto envolve regras que devem ser definidas pelo governo federal, e n\u00e3o por estados.<\/p>\n\n\n\n<p>Al\u00e9m disso, os ju\u00edzes entenderam que n\u00e3o ficou comprovado um dano grave aos consumidores que justificasse impedir os bloqueios.<\/p>\n\n\n\n<p>O assunto gera pol\u00eamica justamente porque muita gente acredita que bloquear um celular pode prejudicar bastante a vida da pessoa, j\u00e1 que o aparelho \u00e9 usado para trabalhar, estudar e se comunicar. Por outro lado, as empresas afirmam que essa \u00e9 uma forma leg\u00edtima de garantir que o contrato ser\u00e1 cumprido.<\/p>\n\n\n\n<h2 class=\"wp-block-heading\">O que o consumidor pode fazer<\/h2>\n\n\n\n<p>Se algu\u00e9m se sentir prejudicado, ainda pode procurar a Justi\u00e7a para tentar resolver o problema. Cada situa\u00e7\u00e3o pode ser analisada de forma diferente, dependendo do contrato e do impacto causado.<\/p>\n","protected":false},"excerpt":{"rendered":"<p>Uma decis\u00e3o recente no Cear\u00e1 agora permite que empresas bloqueiem celulares de clientes que atrasarem o pagamento das parcelas. Essa possibilidade tem gerado d\u00favida e tamb\u00e9m bastante discuss\u00e3o sobre os direitos dos consumidores. O bloqueio funciona mais ou menos assim: quando uma pessoa compra um celular parcelado, principalmente por meio de financiamento, pode haver um [&hellip;]<\/p>\n","protected":false},"author":17,"featured_media":26408,"comment_status":"open","ping_status":"open","sticky":false,"template":"","format":"standard","meta":{"jnews-multi-image_gallery":[],"jnews_single_post":{"format":"standard"},"jnews_primary_category":[],"jnews_social_meta":[],"jnews_post_split":[],"footnotes":""},"categories":[1],"tags":[],"class_list":["post-26393","post","type-post","status-publish","format-standard","has-post-thumbnail","hentry","category-uncategorized"],"_links":{"self":[{"href":"https:\/\/diariodepernambuco.audiencelabs.com.br\/wp-json\/wp\/v2\/posts\/26393","targetHints":{"allow":["GET"]}}],"collection":[{"href":"https:\/\/diariodepernambuco.audiencelabs.com.br\/wp-json\/wp\/v2\/posts"}],"about":[{"href":"https:\/\/diariodepernambuco.audiencelabs.com.br\/wp-json\/wp\/v2\/types\/post"}],"author":[{"embeddable":true,"href":"https:\/\/diariodepernambuco.audiencelabs.com.br\/wp-json\/wp\/v2\/users\/17"}],"replies":[{"embeddable":true,"href":"https:\/\/diariodepernambuco.audiencelabs.com.br\/wp-json\/wp\/v2\/comments?post=26393"}],"version-history":[{"count":2,"href":"https:\/\/diariodepernambuco.audiencelabs.com.br\/wp-json\/wp\/v2\/posts\/26393\/revisions"}],"predecessor-version":[{"id":26409,"href":"https:\/\/diariodepernambuco.audiencelabs.com.br\/wp-json\/wp\/v2\/posts\/26393\/revisions\/26409"}],"wp:featuredmedia":[{"embeddable":true,"href":"https:\/\/diariodepernambuco.audiencelabs.com.br\/wp-json\/wp\/v2\/media\/26408"}],"wp:attachment":[{"href":"https:\/\/diariodepernambuco.audiencelabs.com.br\/wp-json\/wp\/v2\/media?parent=26393"}],"wp:term":[{"taxonomy":"category","embeddable":true,"href":"https:\/\/diariodepernambuco.audiencelabs.com.br\/wp-json\/wp\/v2\/categories?post=26393"},{"taxonomy":"post_tag","embeddable":true,"href":"https:\/\/diariodepernambuco.audiencelabs.com.br\/wp-json\/wp\/v2\/tags?post=26393"}],"curies":[{"name":"wp","href":"https:\/\/api.w.org\/{rel}","templated":true}]}}