{"id":26395,"date":"2026-04-30T16:22:00","date_gmt":"2026-04-30T19:22:00","guid":{"rendered":"https:\/\/diariodepernambuco.audiencelabs.com.br\/?p=26395"},"modified":"2026-04-29T16:35:55","modified_gmt":"2026-04-29T19:35:55","slug":"o-que-fazer-quando-a-bateria-do-carro-eletrico-chega-ao-fim-da-vida-util","status":"publish","type":"post","link":"https:\/\/diariodepernambuco.audiencelabs.com.br\/o-que-fazer-quando-a-bateria-do-carro-eletrico-chega-ao-fim-da-vida-util\/","title":{"rendered":"O que fazer quando a bateria do carro el\u00e9trico chega ao fim da vida \u00fatil?"},"content":{"rendered":"\n<p>Assim como qualquer dispositivo eletr\u00f4nico, <strong>a bateria de carros el\u00e9tricos <\/strong>tamb\u00e9m possui um tempo de vida \u00fatil, ainda que seja projetada para durar por muito mais tempo do que as de celulares, por exemplo.<\/p>\n\n\n\n<p>Embora n\u00e3o fiquem &#8220;viciadas&#8221;, elas geralmente <strong>se degradam depois de 8 a 20 anos de uso<\/strong>, perdendo sua capacidade de carga e, com isso, tornando-se menos eficientes para a tra\u00e7\u00e3o do ve\u00edculo.<\/p>\n\n\n\n<p>Contudo, isso n\u00e3o significa que elas precisam ser descartadas ao atingir esse limite, uma vez que as baterias<strong> ainda podem ser \u00fateis para outras finalidades<\/strong>. Entre as principais alternativas de reaproveitamento, est\u00e3o op\u00e7\u00f5es como:<\/p>\n\n\n\n<ul class=\"wp-block-list\">\n<li><strong>Segunda vida: <\/strong>por ainda manterem entre 75% e 88% de sua capacidade, as baterias podem servir para alimentar sistemas de armazenamento de energia estacion\u00e1ria de casas, parques e at\u00e9 mesmo ind\u00fastrias;<\/li>\n\n\n\n<li><strong>Reciclagem: <\/strong>ap\u00f3s se esgotarem totalmente, as baterias podem passar por um processo de reciclagem industrial que permite recuperar metais valiosos presentes na parte mais qu\u00edmica da bateria, como o l\u00edtio, o cobalto e o n\u00edquel, reduzindo a demanda por minera\u00e7\u00e3o prim\u00e1ria ap\u00f3s sua reinser\u00e7\u00e3o na cadeia produtiva.<\/li>\n<\/ul>\n\n\n\n<h2 class=\"wp-block-heading\">Descarte inadequado: o que N\u00c3O fazer com bateria de carro el\u00e9trico no fim da vida \u00fatil<\/h2>\n\n\n\n<p>A complexa mistura de metais presente nas baterias de carros el\u00e9tricos as transforma <strong>em verdadeiras armas de destrui\u00e7\u00e3o em massa <\/strong>caso elas sejam descartadas da forma incorreta, levando em conta os graves riscos qu\u00edmicos e biol\u00f3gicos que oferecem.<\/p>\n\n\n\n<p>Em contato com terrenos baldios ou aterros comuns, os res\u00edduos dos componentes do dispositivo podem contaminar gravemente o solo. Al\u00e9m disso, em caso de vazamento de eletr\u00f3litos corrosivos, len\u00e7\u00f3is fre\u00e1ticos tamb\u00e9m podem ser prejudicados.<\/p>\n\n\n\n<p>Portanto, quando a vida \u00fatil da bateria chegar ao fim, \u00e9 fundamental que o consumidor<strong> acione a log\u00edstica reversa<\/strong>, levando-a a um ponto de coleta espec\u00edfico ou devolvendo-a ao fabricante para que ela possa ser reaproveitada ou reciclada.<\/p>\n","protected":false},"excerpt":{"rendered":"<p>Assim como qualquer dispositivo eletr\u00f4nico, a bateria de carros el\u00e9tricos tamb\u00e9m possui um tempo de vida \u00fatil, ainda que seja projetada para durar por muito mais tempo do que as de celulares, por exemplo. Embora n\u00e3o fiquem &#8220;viciadas&#8221;, elas geralmente se degradam depois de 8 a 20 anos de uso, perdendo sua capacidade de carga [&hellip;]<\/p>\n","protected":false},"author":15,"featured_media":26396,"comment_status":"open","ping_status":"open","sticky":false,"template":"","format":"standard","meta":{"jnews-multi-image_gallery":[],"jnews_single_post":{"format":"standard"},"jnews_primary_category":[],"jnews_social_meta":[],"jnews_post_split":[],"footnotes":""},"categories":[1],"tags":[],"class_list":["post-26395","post","type-post","status-publish","format-standard","has-post-thumbnail","hentry","category-uncategorized"],"_links":{"self":[{"href":"https:\/\/diariodepernambuco.audiencelabs.com.br\/wp-json\/wp\/v2\/posts\/26395","targetHints":{"allow":["GET"]}}],"collection":[{"href":"https:\/\/diariodepernambuco.audiencelabs.com.br\/wp-json\/wp\/v2\/posts"}],"about":[{"href":"https:\/\/diariodepernambuco.audiencelabs.com.br\/wp-json\/wp\/v2\/types\/post"}],"author":[{"embeddable":true,"href":"https:\/\/diariodepernambuco.audiencelabs.com.br\/wp-json\/wp\/v2\/users\/15"}],"replies":[{"embeddable":true,"href":"https:\/\/diariodepernambuco.audiencelabs.com.br\/wp-json\/wp\/v2\/comments?post=26395"}],"version-history":[{"count":1,"href":"https:\/\/diariodepernambuco.audiencelabs.com.br\/wp-json\/wp\/v2\/posts\/26395\/revisions"}],"predecessor-version":[{"id":26399,"href":"https:\/\/diariodepernambuco.audiencelabs.com.br\/wp-json\/wp\/v2\/posts\/26395\/revisions\/26399"}],"wp:featuredmedia":[{"embeddable":true,"href":"https:\/\/diariodepernambuco.audiencelabs.com.br\/wp-json\/wp\/v2\/media\/26396"}],"wp:attachment":[{"href":"https:\/\/diariodepernambuco.audiencelabs.com.br\/wp-json\/wp\/v2\/media?parent=26395"}],"wp:term":[{"taxonomy":"category","embeddable":true,"href":"https:\/\/diariodepernambuco.audiencelabs.com.br\/wp-json\/wp\/v2\/categories?post=26395"},{"taxonomy":"post_tag","embeddable":true,"href":"https:\/\/diariodepernambuco.audiencelabs.com.br\/wp-json\/wp\/v2\/tags?post=26395"}],"curies":[{"name":"wp","href":"https:\/\/api.w.org\/{rel}","templated":true}]}}