{"id":26416,"date":"2026-04-29T18:35:10","date_gmt":"2026-04-29T21:35:10","guid":{"rendered":"https:\/\/diariodepernambuco.audiencelabs.com.br\/?p=26416"},"modified":"2026-04-29T18:35:21","modified_gmt":"2026-04-29T21:35:21","slug":"porte-de-arma-pode-ser-liberado-no-brasil-para-essas-profissoes","status":"publish","type":"post","link":"https:\/\/diariodepernambuco.audiencelabs.com.br\/porte-de-arma-pode-ser-liberado-no-brasil-para-essas-profissoes\/","title":{"rendered":"Porte de arma pode ser liberado no Brasil para essas profiss\u00f5es"},"content":{"rendered":"\n<p>No Brasil, <strong>o porte de arma de fogo <\/strong>\u00e9 permitido principalmente para profissionais de seguran\u00e7a p\u00fablica e categorias espec\u00edficas com risco inerente \u00e0 fun\u00e7\u00e3o. Entretanto, propostas em discuss\u00e3o no Congresso Nacional avaliam ampliar a autoriza\u00e7\u00e3o.<\/p>\n\n\n\n<p>Inclusive, conforme divulgado pelo portal <em>ND+<\/em>, a Comiss\u00e3o de Seguran\u00e7a P\u00fablica do Senado aprovou, na \u00faltima ter\u00e7a-feira, <strong>mais um projeto que altera o Estatuto do Desarmamento<\/strong> e permite que mais profiss\u00f5es possam ter direito ao porte de arma.<\/p>\n\n\n\n<p>Vale lembrar que, para se tornarem lei, as propostas ainda precisam ser aprovadas pela C\u00e2mara dos Deputados e pelo Senado para, posteriormente, serem sancionadas pelo presidente da Rep\u00fablica. E caso isso aconte\u00e7a, as seguintes categorias ser\u00e3o contempladas:<\/p>\n\n\n\n<ul class=\"wp-block-list\">\n<li><strong>Agentes de tr\u00e2nsito: <\/strong>o PL 2160\/2023 defende que agentes de tr\u00e2nsito que executam atividades externas, ostensivas, fiscaliza\u00e7\u00e3o, policiamento vi\u00e1rio e patrulhamento poder\u00e3o utilizar arma tanto durante o hor\u00e1rio de trabalho quanto fora dele;<\/li>\n\n\n\n<li><strong>Agentes de fiscaliza\u00e7\u00e3o ambiental: <\/strong>de autoria do deputado Marcos Pollon (PL-MS), o PL 5911\/25 liberar\u00e1 porte de arma para agentes de fiscaliza\u00e7\u00e3o ambiental que atuam em a\u00e7\u00f5es externas de fiscaliza\u00e7\u00e3o, inspe\u00e7\u00e3o, vistoria ou apura\u00e7\u00e3o de infra\u00e7\u00f5es ambientais;<\/li>\n\n\n\n<li><strong>Servidores do Procon:<\/strong> por conta dos riscos enfrentados durante o exerc\u00edcio de sua fun\u00e7\u00e3o, o PL 6243\/25 pretende permitir o porte e a posse de arma de fogo aos servidores efetivos dos \u00f3rg\u00e3os de defesa e do consumidor (Procon).<\/li>\n<\/ul>\n\n\n\n<h2 class=\"wp-block-heading\">Profiss\u00f5es com direito legal ao porte de arma<\/h2>\n\n\n\n<p>Conforme mencionado anteriormente, o porte de arma, geralmente vinculado ao exerc\u00edcio da atividade profissional, mas que permite deslocamento com o instrumento, j\u00e1 \u00e9 permitido atualmente para algumas categorias espec\u00edficas no Brasil. S\u00e3o elas:<\/p>\n\n\n\n<ul class=\"wp-block-list\">\n<li>Militares (Marinha, Ex\u00e9rcito, Aeron\u00e1utica), policiais e bombeiros militares;<\/li>\n\n\n\n<li>Agentes de intelig\u00eancia da Ag\u00eancia Brasileira de Intelig\u00eancia (Abin), agentes de seguran\u00e7a do Gabinete de Seguran\u00e7a Institucional (GSI), policiais penais, agentes e guardas prisionais e integrantes de escoltas de presos;<\/li>\n\n\n\n<li>Auditores fiscais da da Receita Federal e do Trabalho e policiais legislativos;<\/li>\n\n\n\n<li>Servidores de seguran\u00e7a do poder judici\u00e1rio, ju\u00edzes, desembargadores, ministros e membros do Minist\u00e9rio P\u00fablico.<\/li>\n<\/ul>\n\n\n\n<p>Vigilantes de empresas de seguran\u00e7a privada e transporte de valores, por sua vez, s\u00f3 t\u00eam direito ao porte<strong> durante seu hor\u00e1rio de trabalho<\/strong>. Contudo, propostas como o PL 2480\/25, de autoria deputada Ros\u00e2ngela Reis (PL-MG), visam ampliar o direito para al\u00e9m desse per\u00edodo.<\/p>\n","protected":false},"excerpt":{"rendered":"<p>No Brasil, o porte de arma de fogo \u00e9 permitido principalmente para profissionais de seguran\u00e7a p\u00fablica e categorias espec\u00edficas com risco inerente \u00e0 fun\u00e7\u00e3o. Entretanto, propostas em discuss\u00e3o no Congresso Nacional avaliam ampliar a autoriza\u00e7\u00e3o. Inclusive, conforme divulgado pelo portal ND+, a Comiss\u00e3o de Seguran\u00e7a P\u00fablica do Senado aprovou, na \u00faltima ter\u00e7a-feira, mais um projeto [&hellip;]<\/p>\n","protected":false},"author":15,"featured_media":26417,"comment_status":"open","ping_status":"open","sticky":false,"template":"","format":"standard","meta":{"jnews-multi-image_gallery":[],"jnews_single_post":{"format":"standard"},"jnews_primary_category":[],"jnews_social_meta":[],"jnews_post_split":[],"footnotes":""},"categories":[1],"tags":[],"class_list":["post-26416","post","type-post","status-publish","format-standard","has-post-thumbnail","hentry","category-uncategorized"],"_links":{"self":[{"href":"https:\/\/diariodepernambuco.audiencelabs.com.br\/wp-json\/wp\/v2\/posts\/26416","targetHints":{"allow":["GET"]}}],"collection":[{"href":"https:\/\/diariodepernambuco.audiencelabs.com.br\/wp-json\/wp\/v2\/posts"}],"about":[{"href":"https:\/\/diariodepernambuco.audiencelabs.com.br\/wp-json\/wp\/v2\/types\/post"}],"author":[{"embeddable":true,"href":"https:\/\/diariodepernambuco.audiencelabs.com.br\/wp-json\/wp\/v2\/users\/15"}],"replies":[{"embeddable":true,"href":"https:\/\/diariodepernambuco.audiencelabs.com.br\/wp-json\/wp\/v2\/comments?post=26416"}],"version-history":[{"count":1,"href":"https:\/\/diariodepernambuco.audiencelabs.com.br\/wp-json\/wp\/v2\/posts\/26416\/revisions"}],"predecessor-version":[{"id":26418,"href":"https:\/\/diariodepernambuco.audiencelabs.com.br\/wp-json\/wp\/v2\/posts\/26416\/revisions\/26418"}],"wp:featuredmedia":[{"embeddable":true,"href":"https:\/\/diariodepernambuco.audiencelabs.com.br\/wp-json\/wp\/v2\/media\/26417"}],"wp:attachment":[{"href":"https:\/\/diariodepernambuco.audiencelabs.com.br\/wp-json\/wp\/v2\/media?parent=26416"}],"wp:term":[{"taxonomy":"category","embeddable":true,"href":"https:\/\/diariodepernambuco.audiencelabs.com.br\/wp-json\/wp\/v2\/categories?post=26416"},{"taxonomy":"post_tag","embeddable":true,"href":"https:\/\/diariodepernambuco.audiencelabs.com.br\/wp-json\/wp\/v2\/tags?post=26416"}],"curies":[{"name":"wp","href":"https:\/\/api.w.org\/{rel}","templated":true}]}}