{"id":26419,"date":"2026-05-01T07:50:00","date_gmt":"2026-05-01T10:50:00","guid":{"rendered":"https:\/\/diariodepernambuco.audiencelabs.com.br\/?p=26419"},"modified":"2026-04-29T19:09:12","modified_gmt":"2026-04-29T22:09:12","slug":"governo-confirma-beneficio-para-jovens-acima-de-19-anos-no-brasil","status":"publish","type":"post","link":"https:\/\/diariodepernambuco.audiencelabs.com.br\/governo-confirma-beneficio-para-jovens-acima-de-19-anos-no-brasil\/","title":{"rendered":"Governo confirma benef\u00edcio para jovens acima de 19 anos no Brasil"},"content":{"rendered":"\n<p>O governo confirmou a continuidade do <strong>ID Jovem (Identidade Jovem)<\/strong>, um benef\u00edcio criado para facilitar o acesso de jovens de baixa renda a atividades culturais, transporte e servi\u00e7os b\u00e1sicos. A proposta tamb\u00e9m inclui pessoas acima de 19 anos.<\/p>\n\n\n\n<p>O benef\u00edcio \u00e9 destinado a jovens com idade entre 15 e 29 anos que estejam em situa\u00e7\u00e3o de baixa renda. Para ter direito, \u00e9 necess\u00e1rio <strong>estar inscrito no Cadastro \u00danico<\/strong> (Cad\u00danico) do governo e <strong>manter os dados atualizados<\/strong>, j\u00e1 que essas informa\u00e7\u00f5es s\u00e3o usadas para confirmar se a pessoa se encaixa nos crit\u00e9rios.<\/p>\n\n\n\n<h2 class=\"wp-block-heading\">O que o ID Jovem oferece<\/h2>\n\n\n\n<p>Com o ID Jovem, \u00e9 poss\u00edvel pagar meia-entrada em diversos eventos culturais e de lazer, como cinemas, teatros, shows e partidas esportivas. O programa tamb\u00e9m garante condi\u00e7\u00f5es especiais no transporte interestadual, com vagas gratuitas em \u00f4nibus ou trens. Quando essas vagas j\u00e1 estiverem ocupadas, ainda \u00e9 poss\u00edvel conseguir desconto no valor da passagem. <\/p>\n\n\n\n<p>Al\u00e9m disso, o benef\u00edcio pode incluir isen\u00e7\u00e3o de taxas em alguns servi\u00e7os de emiss\u00e3o de documentos, sem pagamentos extras.<\/p>\n\n\n\n<h2 class=\"wp-block-heading\">Como solicitar e validade<\/h2>\n\n\n\n<p>O jovem pode fazer o cadastro por meio do aplicativo oficial ou pelo site do programa, usando os dados j\u00e1 registrados no Cad\u00danico. Depois da valida\u00e7\u00e3o, o documento fica dispon\u00edvel em formato digital. N\u00e3o \u00e9 necess\u00e1rio estar estudando para participar.<\/p>\n\n\n\n<p>O benef\u00edcio tem validade limitada e precisa ser renovado a cada seis meses para manter as informa\u00e7\u00f5es atualizadas.<\/p>\n","protected":false},"excerpt":{"rendered":"<p>O governo confirmou a continuidade do ID Jovem (Identidade Jovem), um benef\u00edcio criado para facilitar o acesso de jovens de baixa renda a atividades culturais, transporte e servi\u00e7os b\u00e1sicos. A proposta tamb\u00e9m inclui pessoas acima de 19 anos. O benef\u00edcio \u00e9 destinado a jovens com idade entre 15 e 29 anos que estejam em situa\u00e7\u00e3o [&hellip;]<\/p>\n","protected":false},"author":17,"featured_media":26421,"comment_status":"open","ping_status":"open","sticky":false,"template":"","format":"standard","meta":{"jnews-multi-image_gallery":[],"jnews_single_post":{"format":"standard"},"jnews_primary_category":[],"jnews_social_meta":[],"jnews_post_split":[],"footnotes":""},"categories":[1],"tags":[],"class_list":["post-26419","post","type-post","status-publish","format-standard","has-post-thumbnail","hentry","category-uncategorized"],"_links":{"self":[{"href":"https:\/\/diariodepernambuco.audiencelabs.com.br\/wp-json\/wp\/v2\/posts\/26419","targetHints":{"allow":["GET"]}}],"collection":[{"href":"https:\/\/diariodepernambuco.audiencelabs.com.br\/wp-json\/wp\/v2\/posts"}],"about":[{"href":"https:\/\/diariodepernambuco.audiencelabs.com.br\/wp-json\/wp\/v2\/types\/post"}],"author":[{"embeddable":true,"href":"https:\/\/diariodepernambuco.audiencelabs.com.br\/wp-json\/wp\/v2\/users\/17"}],"replies":[{"embeddable":true,"href":"https:\/\/diariodepernambuco.audiencelabs.com.br\/wp-json\/wp\/v2\/comments?post=26419"}],"version-history":[{"count":2,"href":"https:\/\/diariodepernambuco.audiencelabs.com.br\/wp-json\/wp\/v2\/posts\/26419\/revisions"}],"predecessor-version":[{"id":26422,"href":"https:\/\/diariodepernambuco.audiencelabs.com.br\/wp-json\/wp\/v2\/posts\/26419\/revisions\/26422"}],"wp:featuredmedia":[{"embeddable":true,"href":"https:\/\/diariodepernambuco.audiencelabs.com.br\/wp-json\/wp\/v2\/media\/26421"}],"wp:attachment":[{"href":"https:\/\/diariodepernambuco.audiencelabs.com.br\/wp-json\/wp\/v2\/media?parent=26419"}],"wp:term":[{"taxonomy":"category","embeddable":true,"href":"https:\/\/diariodepernambuco.audiencelabs.com.br\/wp-json\/wp\/v2\/categories?post=26419"},{"taxonomy":"post_tag","embeddable":true,"href":"https:\/\/diariodepernambuco.audiencelabs.com.br\/wp-json\/wp\/v2\/tags?post=26419"}],"curies":[{"name":"wp","href":"https:\/\/api.w.org\/{rel}","templated":true}]}}