{"id":26423,"date":"2026-04-30T08:45:00","date_gmt":"2026-04-30T11:45:00","guid":{"rendered":"https:\/\/diariodepernambuco.audiencelabs.com.br\/?p=26423"},"modified":"2026-04-30T08:57:36","modified_gmt":"2026-04-30T11:57:36","slug":"flamengo-comunica-adeus-de-arrascaeta-e-craque-pode-nao-vestir-mais-a-camisa-que-ama-em-2026","status":"publish","type":"post","link":"https:\/\/diariodepernambuco.audiencelabs.com.br\/flamengo-comunica-adeus-de-arrascaeta-e-craque-pode-nao-vestir-mais-a-camisa-que-ama-em-2026\/","title":{"rendered":"Flamengo comunica adeus de Arrascaeta e craque pode n\u00e3o vestir mais a camisa que ama em 2026"},"content":{"rendered":"\n<p>O meia Giorgian de Arrascaeta virou preocupa\u00e7\u00e3o no Flamengo ap\u00f3s sofrer uma fratura na clav\u00edcula e precisar passar por cirurgia. A not\u00edcia caiu como um balde de \u00e1gua fria para o clube e para a torcida, j\u00e1 que o camisa 10 vive papel fundamental na equipe. O Flamengo j\u00e1 admite que a les\u00e3o sofrida \u00e9 s\u00e9ria e o uruguaio deve dar adeus ao sonho de jogar mais uma Copa do Mundo, bem como de vestir a camisa t\u00e3o amada na Sele\u00e7\u00e3o Uruguaia em 2026.<\/p>\n\n\n\n<p>Com isso, o camisa 10 ser\u00e1 desfalque nas pr\u00f3ximas semanas. Inicialmente, o Flamengo trabalha com o prazo de 45 dias para o retorno do uruguaio aos gramados. O tempo depende da evolu\u00e7\u00e3o fisiol\u00f3gica, que \u00e9 individual de caso para caso. Ou seja, apesar da previs\u00e3o, ainda n\u00e3o h\u00e1 garantia de quando Arrascaeta estar\u00e1 100% recuperado para voltar a atuar.<\/p>\n\n\n\n<p>A situa\u00e7\u00e3o preocupa ainda mais quando se olha para o calend\u00e1rio internacional. A les\u00e3o coloca em risco a participa\u00e7\u00e3o de Arrascaeta na Copa do Mundo. O Uruguai estreia no Mundial no dia 15 de junho, contra a Ar\u00e1bia Saudita, e o prazo de recupera\u00e7\u00e3o pode coincidir justamente com esse per\u00edodo decisivo, levantando d\u00favidas sobre a presen\u00e7a do craque na competi\u00e7\u00e3o.<\/p>\n\n\n\n<p>Vale destacar que a \u201ccamisa que ama\u201d citada n\u00e3o \u00e9 a do clube carioca, mas sim a da Sele\u00e7\u00e3o Uruguaia de Futebol. Arrascaeta tem forte liga\u00e7\u00e3o com a Celeste e j\u00e1 defendeu o pa\u00eds na Copa do Mundo de 2022, sendo pe\u00e7a importante no elenco. Agora, resta a expectativa pela recupera\u00e7\u00e3o e a esperan\u00e7a de que ele consiga voltar a tempo de representar novamente o Uruguai.<\/p>\n\n\n\n<h2 class=\"wp-block-heading\">Empate tenso na Argentina exp\u00f5e impacto direto da les\u00e3o<\/h2>\n\n\n\n<p>Ap\u00f3s o empate contra o Estudiantes, o auxiliar da comiss\u00e3o de Leonardo Jardim destacou a intensidade do confronto e o ambiente hostil enfrentado pelo Flamengo. A comiss\u00e3o t\u00e9cnica reconheceu o esfor\u00e7o da equipe fora de casa, mas tamb\u00e9m deixou claro o inc\u00f4modo com a forma como o jogo se desenrolou, especialmente pelas disputas f\u00edsicas que marcaram a partida.<\/p>\n\n\n\n<p>Esse cen\u00e1rio ganha ainda mais peso ao ser ligado diretamente \u00e0 les\u00e3o de Giorgian de Arrascaeta, que sofreu uma fratura na clav\u00edcula e virou baixa importante no elenco. O epis\u00f3dio refor\u00e7a o impacto do confronto na Argentina, j\u00e1 que o camisa 10 agora desfalca o time por semanas e ainda levanta preocupa\u00e7\u00e3o sobre sua presen\u00e7a na Copa do Mundo com a Sele\u00e7\u00e3o Uruguaia.<\/p>\n\n\n\n<p><\/p>\n","protected":false},"excerpt":{"rendered":"<p>O meia Giorgian de Arrascaeta virou preocupa\u00e7\u00e3o no Flamengo ap\u00f3s sofrer uma fratura na clav\u00edcula e precisar passar por cirurgia. A not\u00edcia caiu como um balde de \u00e1gua fria para o clube e para a torcida, j\u00e1 que o camisa 10 vive papel fundamental na equipe. O Flamengo j\u00e1 admite que a les\u00e3o sofrida \u00e9 [&hellip;]<\/p>\n","protected":false},"author":4,"featured_media":5737,"comment_status":"open","ping_status":"open","sticky":false,"template":"","format":"standard","meta":{"jnews-multi-image_gallery":[],"jnews_single_post":{"format":"standard"},"jnews_primary_category":[],"jnews_social_meta":[],"jnews_post_split":[],"footnotes":""},"categories":[1],"tags":[],"class_list":["post-26423","post","type-post","status-publish","format-standard","has-post-thumbnail","hentry","category-uncategorized"],"_links":{"self":[{"href":"https:\/\/diariodepernambuco.audiencelabs.com.br\/wp-json\/wp\/v2\/posts\/26423","targetHints":{"allow":["GET"]}}],"collection":[{"href":"https:\/\/diariodepernambuco.audiencelabs.com.br\/wp-json\/wp\/v2\/posts"}],"about":[{"href":"https:\/\/diariodepernambuco.audiencelabs.com.br\/wp-json\/wp\/v2\/types\/post"}],"author":[{"embeddable":true,"href":"https:\/\/diariodepernambuco.audiencelabs.com.br\/wp-json\/wp\/v2\/users\/4"}],"replies":[{"embeddable":true,"href":"https:\/\/diariodepernambuco.audiencelabs.com.br\/wp-json\/wp\/v2\/comments?post=26423"}],"version-history":[{"count":4,"href":"https:\/\/diariodepernambuco.audiencelabs.com.br\/wp-json\/wp\/v2\/posts\/26423\/revisions"}],"predecessor-version":[{"id":26438,"href":"https:\/\/diariodepernambuco.audiencelabs.com.br\/wp-json\/wp\/v2\/posts\/26423\/revisions\/26438"}],"wp:featuredmedia":[{"embeddable":true,"href":"https:\/\/diariodepernambuco.audiencelabs.com.br\/wp-json\/wp\/v2\/media\/5737"}],"wp:attachment":[{"href":"https:\/\/diariodepernambuco.audiencelabs.com.br\/wp-json\/wp\/v2\/media?parent=26423"}],"wp:term":[{"taxonomy":"category","embeddable":true,"href":"https:\/\/diariodepernambuco.audiencelabs.com.br\/wp-json\/wp\/v2\/categories?post=26423"},{"taxonomy":"post_tag","embeddable":true,"href":"https:\/\/diariodepernambuco.audiencelabs.com.br\/wp-json\/wp\/v2\/tags?post=26423"}],"curies":[{"name":"wp","href":"https:\/\/api.w.org\/{rel}","templated":true}]}}