{"id":26427,"date":"2026-04-30T09:15:00","date_gmt":"2026-04-30T12:15:00","guid":{"rendered":"https:\/\/diariodepernambuco.audiencelabs.com.br\/?p=26427"},"modified":"2026-04-30T08:53:28","modified_gmt":"2026-04-30T11:53:28","slug":"flamengo-pagou-12-milhoes-de-euros-e-ja-anunciou-substituto-de-arrascaeta-para-2026","status":"publish","type":"post","link":"https:\/\/diariodepernambuco.audiencelabs.com.br\/flamengo-pagou-12-milhoes-de-euros-e-ja-anunciou-substituto-de-arrascaeta-para-2026\/","title":{"rendered":"Flamengo pagou 12 milh\u00f5es de euros e j\u00e1 anunciou substituto de Arrascaeta para 2026"},"content":{"rendered":"\n<p>Apesar de muitos torcedores j\u00e1 pedirem refor\u00e7os ap\u00f3s a les\u00e3o de Giorgian de Arrascaeta, o Flamengo j\u00e1 tem um substituto dentro do pr\u00f3prio elenco. Trata-se de Jorge Carrascal, contratado em 2025 por cerca de 12 milh\u00f5es de euros, justamente com a expectativa de agregar criatividade ao meio-campo rubro-negro.<\/p>\n\n\n\n<p>Arrascaeta sofreu uma fratura na clav\u00edcula durante o empate por 1 a 1 com o Estudiantes, pela Libertadores, e precisar\u00e1 passar por cirurgia. O uruguaio deixou o campo ainda no primeiro tempo ap\u00f3s forte dividida e retornou ao Brasil para realizar o procedimento, o que o tira de combate por v\u00e1rias semanas .<\/p>\n\n\n\n<p>Diante desse cen\u00e1rio, Carrascal surge como o substituto natural do camisa 10. Inclusive, foi o colombiano quem entrou em campo na Argentina ap\u00f3s a les\u00e3o e assumiu a responsabilidade de armar o time. Com caracter\u00edsticas semelhantes, como mobilidade e vis\u00e3o de jogo, ele passa a ser a principal aposta da comiss\u00e3o t\u00e9cnica para manter o n\u00edvel criativo da equipe.<\/p>\n\n\n\n<p>Vale lembrar que a contrata\u00e7\u00e3o de Carrascal j\u00e1 indicava um planejamento do Flamengo para o futuro. O meia chegou ao clube cercado de expectativa ap\u00f3s passagem pelo futebol europeu e rapidamente foi visto como uma alternativa direta a Arrascaeta. Agora, com a les\u00e3o do principal craque do time, o colombiano ter\u00e1 a grande oportunidade de se firmar como protagonista.<\/p>\n\n\n\n<h2 class=\"wp-block-heading\">Carrascal soma bons n\u00fameros e j\u00e1 acumula t\u00edtulos importantes<\/h2>\n\n\n\n<p>Apontado como substituto de Arrascaeta, Carrascal j\u00e1 mostra que pode assumir protagonismo no Flamengo. Em 47 jogos pelo clube, o meia soma cinco gols e nove assist\u00eancias, n\u00fameros que refor\u00e7am sua capacidade de contribuir diretamente no setor ofensivo.<\/p>\n\n\n\n<p>Al\u00e9m do desempenho em campo, o colombiano tamb\u00e9m j\u00e1 conquistou espa\u00e7o em momentos decisivos, acumulando tr\u00eas t\u00edtulos: o Brasileir\u00e3o 2025, a Libertadores 2025 e o Carioca 2026, credenciais que fortalecem sua posi\u00e7\u00e3o como substituto imediato do \u00eddolo uruguaio.<\/p>\n\n\n\n<p><\/p>\n","protected":false},"excerpt":{"rendered":"<p>Apesar de muitos torcedores j\u00e1 pedirem refor\u00e7os ap\u00f3s a les\u00e3o de Giorgian de Arrascaeta, o Flamengo j\u00e1 tem um substituto dentro do pr\u00f3prio elenco. Trata-se de Jorge Carrascal, contratado em 2025 por cerca de 12 milh\u00f5es de euros, justamente com a expectativa de agregar criatividade ao meio-campo rubro-negro. Arrascaeta sofreu uma fratura na clav\u00edcula durante [&hellip;]<\/p>\n","protected":false},"author":4,"featured_media":19745,"comment_status":"open","ping_status":"open","sticky":false,"template":"","format":"standard","meta":{"jnews-multi-image_gallery":[],"jnews_single_post":{"format":"standard"},"jnews_primary_category":[],"jnews_social_meta":[],"jnews_post_split":[],"footnotes":""},"categories":[1],"tags":[],"class_list":["post-26427","post","type-post","status-publish","format-standard","has-post-thumbnail","hentry","category-uncategorized"],"_links":{"self":[{"href":"https:\/\/diariodepernambuco.audiencelabs.com.br\/wp-json\/wp\/v2\/posts\/26427","targetHints":{"allow":["GET"]}}],"collection":[{"href":"https:\/\/diariodepernambuco.audiencelabs.com.br\/wp-json\/wp\/v2\/posts"}],"about":[{"href":"https:\/\/diariodepernambuco.audiencelabs.com.br\/wp-json\/wp\/v2\/types\/post"}],"author":[{"embeddable":true,"href":"https:\/\/diariodepernambuco.audiencelabs.com.br\/wp-json\/wp\/v2\/users\/4"}],"replies":[{"embeddable":true,"href":"https:\/\/diariodepernambuco.audiencelabs.com.br\/wp-json\/wp\/v2\/comments?post=26427"}],"version-history":[{"count":3,"href":"https:\/\/diariodepernambuco.audiencelabs.com.br\/wp-json\/wp\/v2\/posts\/26427\/revisions"}],"predecessor-version":[{"id":26430,"href":"https:\/\/diariodepernambuco.audiencelabs.com.br\/wp-json\/wp\/v2\/posts\/26427\/revisions\/26430"}],"wp:featuredmedia":[{"embeddable":true,"href":"https:\/\/diariodepernambuco.audiencelabs.com.br\/wp-json\/wp\/v2\/media\/19745"}],"wp:attachment":[{"href":"https:\/\/diariodepernambuco.audiencelabs.com.br\/wp-json\/wp\/v2\/media?parent=26427"}],"wp:term":[{"taxonomy":"category","embeddable":true,"href":"https:\/\/diariodepernambuco.audiencelabs.com.br\/wp-json\/wp\/v2\/categories?post=26427"},{"taxonomy":"post_tag","embeddable":true,"href":"https:\/\/diariodepernambuco.audiencelabs.com.br\/wp-json\/wp\/v2\/tags?post=26427"}],"curies":[{"name":"wp","href":"https:\/\/api.w.org\/{rel}","templated":true}]}}