{"id":26439,"date":"2026-04-30T10:15:00","date_gmt":"2026-04-30T13:15:00","guid":{"rendered":"https:\/\/diariodepernambuco.audiencelabs.com.br\/?p=26439"},"modified":"2026-04-30T09:36:40","modified_gmt":"2026-04-30T12:36:40","slug":"maior-produtora-de-coca-cola-do-mundo-fica-no-brasil-e-fabrica-2-bilhoes-de-litros-por-ano","status":"publish","type":"post","link":"https:\/\/diariodepernambuco.audiencelabs.com.br\/maior-produtora-de-coca-cola-do-mundo-fica-no-brasil-e-fabrica-2-bilhoes-de-litros-por-ano\/","title":{"rendered":"Maior produtora de Coca-Cola do mundo fica no Brasil e fabrica 2 bilh\u00f5es de litros por ano"},"content":{"rendered":"\n<p>O Brasil abriga a maior f\u00e1brica da Coca-Cola em volume de produ\u00e7\u00e3o no mundo, consolidando o pa\u00eds como pe\u00e7a-chave na estrat\u00e9gia global da empresa. Localizada em Jundia\u00ed, no interior de S\u00e3o Paulo, a unidade impressiona pela escala e pela opera\u00e7\u00e3o cont\u00ednua, funcionando praticamente 24 horas por dia para atender \u00e0 alta demanda.<\/p>\n\n\n\n<p>Com cerca de 2 bilh\u00f5es de litros produzidos por ano, a planta industrial \u00e9 considerada um verdadeiro gigante da ind\u00fastria de bebidas. O complexo ocupa aproximadamente 190 mil metros quadrados e conta com diversas linhas de envase, sendo respons\u00e1vel por abastecer grande parte do mercado do Sudeste e outras regi\u00f5es do pa\u00eds.<\/p>\n\n\n\n<p>Al\u00e9m da produ\u00e7\u00e3o massiva, a f\u00e1brica tamb\u00e9m desempenha papel estrat\u00e9gico na log\u00edstica da empresa, facilitando a distribui\u00e7\u00e3o gra\u00e7as \u00e0 localiza\u00e7\u00e3o privilegiada pr\u00f3xima a importantes rodovias. A opera\u00e7\u00e3o envolve milhares de trabalhadores e mant\u00e9m um ritmo intenso para garantir que produtos como refrigerantes, sucos e outras bebidas cheguem diariamente aos consumidores.<\/p>\n\n\n\n<p>Outro destaque \u00e9 o n\u00edvel de automa\u00e7\u00e3o e efici\u00eancia da unidade, que permite manter um fluxo constante sem interrup\u00e7\u00f5es. Esse modelo industrial transforma a planta em uma das mais importantes do sistema global da marca, refor\u00e7ando o protagonismo do Brasil no setor.<\/p>\n\n\n\n<h2 class=\"wp-block-heading\">Unidade em S\u00e3o Paulo opera sem parar <\/h2>\n\n\n\n<p>A f\u00e1brica se destaca por sua opera\u00e7\u00e3o ininterrupta, com turnos que garantem produ\u00e7\u00e3o cont\u00ednua ao longo de todo o dia. Esse ritmo intenso \u00e9 essencial para atender \u00e0 enorme demanda por bebidas, especialmente em regi\u00f5es populosas como S\u00e3o Paulo e Minas Gerais.<\/p>\n\n\n\n<p>Al\u00e9m disso, a unidade responde por uma fatia significativa da produ\u00e7\u00e3o nacional da engarrafadora, sendo pe\u00e7a fundamental na cadeia de distribui\u00e7\u00e3o da Coca-Cola no Brasil. O impacto vai al\u00e9m da ind\u00fastria, movimentando a economia local e refor\u00e7ando a import\u00e2ncia do pa\u00eds no cen\u00e1rio global da empresa.<\/p>\n\n\n\n<p><\/p>\n","protected":false},"excerpt":{"rendered":"<p>O Brasil abriga a maior f\u00e1brica da Coca-Cola em volume de produ\u00e7\u00e3o no mundo, consolidando o pa\u00eds como pe\u00e7a-chave na estrat\u00e9gia global da empresa. Localizada em Jundia\u00ed, no interior de S\u00e3o Paulo, a unidade impressiona pela escala e pela opera\u00e7\u00e3o cont\u00ednua, funcionando praticamente 24 horas por dia para atender \u00e0 alta demanda. Com cerca de [&hellip;]<\/p>\n","protected":false},"author":4,"featured_media":12774,"comment_status":"open","ping_status":"open","sticky":false,"template":"","format":"standard","meta":{"jnews-multi-image_gallery":[],"jnews_single_post":{"format":"standard"},"jnews_primary_category":[],"jnews_social_meta":[],"jnews_post_split":[],"footnotes":""},"categories":[1],"tags":[],"class_list":["post-26439","post","type-post","status-publish","format-standard","has-post-thumbnail","hentry","category-uncategorized"],"_links":{"self":[{"href":"https:\/\/diariodepernambuco.audiencelabs.com.br\/wp-json\/wp\/v2\/posts\/26439","targetHints":{"allow":["GET"]}}],"collection":[{"href":"https:\/\/diariodepernambuco.audiencelabs.com.br\/wp-json\/wp\/v2\/posts"}],"about":[{"href":"https:\/\/diariodepernambuco.audiencelabs.com.br\/wp-json\/wp\/v2\/types\/post"}],"author":[{"embeddable":true,"href":"https:\/\/diariodepernambuco.audiencelabs.com.br\/wp-json\/wp\/v2\/users\/4"}],"replies":[{"embeddable":true,"href":"https:\/\/diariodepernambuco.audiencelabs.com.br\/wp-json\/wp\/v2\/comments?post=26439"}],"version-history":[{"count":2,"href":"https:\/\/diariodepernambuco.audiencelabs.com.br\/wp-json\/wp\/v2\/posts\/26439\/revisions"}],"predecessor-version":[{"id":26442,"href":"https:\/\/diariodepernambuco.audiencelabs.com.br\/wp-json\/wp\/v2\/posts\/26439\/revisions\/26442"}],"wp:featuredmedia":[{"embeddable":true,"href":"https:\/\/diariodepernambuco.audiencelabs.com.br\/wp-json\/wp\/v2\/media\/12774"}],"wp:attachment":[{"href":"https:\/\/diariodepernambuco.audiencelabs.com.br\/wp-json\/wp\/v2\/media?parent=26439"}],"wp:term":[{"taxonomy":"category","embeddable":true,"href":"https:\/\/diariodepernambuco.audiencelabs.com.br\/wp-json\/wp\/v2\/categories?post=26439"},{"taxonomy":"post_tag","embeddable":true,"href":"https:\/\/diariodepernambuco.audiencelabs.com.br\/wp-json\/wp\/v2\/tags?post=26439"}],"curies":[{"name":"wp","href":"https:\/\/api.w.org\/{rel}","templated":true}]}}