{"id":26443,"date":"2026-04-30T09:53:40","date_gmt":"2026-04-30T12:53:40","guid":{"rendered":"https:\/\/diariodepernambuco.audiencelabs.com.br\/?p=26443"},"modified":"2026-04-30T09:53:41","modified_gmt":"2026-04-30T12:53:41","slug":"motoristas-da-uber-recebem-pessima-noticia-no-brasil","status":"publish","type":"post","link":"https:\/\/diariodepernambuco.audiencelabs.com.br\/motoristas-da-uber-recebem-pessima-noticia-no-brasil\/","title":{"rendered":"Motoristas da Uber recebem p\u00e9ssima not\u00edcia no Brasil"},"content":{"rendered":"\n<p>Nos \u00faltimos dias, muitos motoristas parceiros da Uber passaram por uma situa\u00e7\u00e3o complicada que afetou o dinheiro que eles ganham no dia a dia. O problema aconteceu na <strong>Uber Conta<\/strong>, que \u00e9 onde eles recebem os valores das corridas. V\u00e1rios motoristas relataram que n\u00e3o conseguiam entrar na plataforma, ent\u00e3o o saldo ficou bloqueado ou n\u00e3o podia ser usado naquele momento.<\/p>\n\n\n\n<p>Al\u00e9m disso, dentro da Uber Conta, uma das maiores dificuldades apareceu nas transfer\u00eancias via Pix. Muitos motoristas n\u00e3o conseguiram transferir ou sacar o valor, o que atrapalhou bastante o planejamento financeiro e at\u00e9 as despesas b\u00e1sicas do dia.<\/p>\n\n\n\n<p>Al\u00e9m dos problemas com o dinheiro, o aplicativo tamb\u00e9m apresentou instabilidade e, em alguns momentos, motoristas e passageiros tiveram dificuldade para entrar na plataforma ou solicitar viagens.<\/p>\n\n\n\n<h2 class=\"wp-block-heading\">Resposta da Uber<\/h2>\n\n\n\n<p>A Uber informou que houve uma falha t\u00e9cnica envolvendo a Uber Conta e que o sistema foi normalizado depois de alguns dias. Mesmo assim, isso gerou insatisfa\u00e7\u00e3o nos motoristas, principalmente pela demora para normalizar e pela falta de informa\u00e7\u00f5es durante o problema.<\/p>\n","protected":false},"excerpt":{"rendered":"<p>Nos \u00faltimos dias, muitos motoristas parceiros da Uber passaram por uma situa\u00e7\u00e3o complicada que afetou o dinheiro que eles ganham no dia a dia. O problema aconteceu na Uber Conta, que \u00e9 onde eles recebem os valores das corridas. V\u00e1rios motoristas relataram que n\u00e3o conseguiam entrar na plataforma, ent\u00e3o o saldo ficou bloqueado ou n\u00e3o [&hellip;]<\/p>\n","protected":false},"author":17,"featured_media":16342,"comment_status":"open","ping_status":"open","sticky":false,"template":"","format":"standard","meta":{"jnews-multi-image_gallery":[],"jnews_single_post":{"format":"standard"},"jnews_primary_category":[],"jnews_social_meta":[],"jnews_post_split":[],"footnotes":""},"categories":[1],"tags":[],"class_list":["post-26443","post","type-post","status-publish","format-standard","has-post-thumbnail","hentry","category-uncategorized"],"_links":{"self":[{"href":"https:\/\/diariodepernambuco.audiencelabs.com.br\/wp-json\/wp\/v2\/posts\/26443","targetHints":{"allow":["GET"]}}],"collection":[{"href":"https:\/\/diariodepernambuco.audiencelabs.com.br\/wp-json\/wp\/v2\/posts"}],"about":[{"href":"https:\/\/diariodepernambuco.audiencelabs.com.br\/wp-json\/wp\/v2\/types\/post"}],"author":[{"embeddable":true,"href":"https:\/\/diariodepernambuco.audiencelabs.com.br\/wp-json\/wp\/v2\/users\/17"}],"replies":[{"embeddable":true,"href":"https:\/\/diariodepernambuco.audiencelabs.com.br\/wp-json\/wp\/v2\/comments?post=26443"}],"version-history":[{"count":1,"href":"https:\/\/diariodepernambuco.audiencelabs.com.br\/wp-json\/wp\/v2\/posts\/26443\/revisions"}],"predecessor-version":[{"id":26450,"href":"https:\/\/diariodepernambuco.audiencelabs.com.br\/wp-json\/wp\/v2\/posts\/26443\/revisions\/26450"}],"wp:featuredmedia":[{"embeddable":true,"href":"https:\/\/diariodepernambuco.audiencelabs.com.br\/wp-json\/wp\/v2\/media\/16342"}],"wp:attachment":[{"href":"https:\/\/diariodepernambuco.audiencelabs.com.br\/wp-json\/wp\/v2\/media?parent=26443"}],"wp:term":[{"taxonomy":"category","embeddable":true,"href":"https:\/\/diariodepernambuco.audiencelabs.com.br\/wp-json\/wp\/v2\/categories?post=26443"},{"taxonomy":"post_tag","embeddable":true,"href":"https:\/\/diariodepernambuco.audiencelabs.com.br\/wp-json\/wp\/v2\/tags?post=26443"}],"curies":[{"name":"wp","href":"https:\/\/api.w.org\/{rel}","templated":true}]}}