{"id":26444,"date":"2026-04-30T10:45:00","date_gmt":"2026-04-30T13:45:00","guid":{"rendered":"https:\/\/diariodepernambuco.audiencelabs.com.br\/?p=26444"},"modified":"2026-04-30T09:51:36","modified_gmt":"2026-04-30T12:51:36","slug":"eclipse-mais-longo-dos-ultimos-anos-esta-chegando-e-so-acontecera-de-novo-daqui-150-anos","status":"publish","type":"post","link":"https:\/\/diariodepernambuco.audiencelabs.com.br\/eclipse-mais-longo-dos-ultimos-anos-esta-chegando-e-so-acontecera-de-novo-daqui-150-anos\/","title":{"rendered":"Eclipse mais longo dos \u00faltimos anos est\u00e1 chegando e s\u00f3 acontecer\u00e1 de novo daqui 150 anos"},"content":{"rendered":"\n<p>Um dos fen\u00f4menos astron\u00f4micos mais impressionantes das \u00faltimas d\u00e9cadas j\u00e1 tem data marcada e promete transformar o dia em noite por v\u00e1rios minutos. O eclipse solar total previsto para acontecer nos pr\u00f3ximos anos vem sendo apontado como um dos mais longos vis\u00edveis em terra neste s\u00e9culo, chamando a aten\u00e7\u00e3o de cientistas e entusiastas ao redor do mundo.<\/p>\n\n\n\n<p>O evento mais aguardado \u00e9 o eclipse de 2 de agosto de 2027, que poder\u00e1 atingir mais de 6 minutos de escurid\u00e3o total em algumas regi\u00f5es do planeta \u2014 algo extremamente raro quando se trata desse tipo de fen\u00f4meno. Esse tempo elevado s\u00f3 \u00e9 poss\u00edvel gra\u00e7as a um alinhamento quase perfeito entre Terra, Lua e Sol, criando um espet\u00e1culo que dificilmente se repete com frequ\u00eancia.<\/p>\n\n\n\n<p>Embora eclipses solares totais aconte\u00e7am de tempos em tempos, a maioria dura apenas poucos minutos. Por isso, eventos como o de 2027 ganham status especial, sendo considerados verdadeiros marcos cient\u00edficos e visuais. Em muitos casos, fen\u00f4menos com dura\u00e7\u00e3o semelhante s\u00f3 voltam a ocorrer ap\u00f3s d\u00e9cadas \u2014 ou at\u00e9 mais de um s\u00e9culo.<\/p>\n\n\n\n<p>Antes disso, o mundo ainda ter\u00e1 um \u201caquecimento\u201d com o eclipse solar total de 12 de agosto de 2026, que tamb\u00e9m deve atrair grande aten\u00e7\u00e3o, embora com dura\u00e7\u00e3o menor. Esse tipo de sequ\u00eancia de eventos refor\u00e7a o interesse global pela astronomia e deve movimentar turismo e pesquisas nos locais onde a visibilidade ser\u00e1 total.<\/p>\n\n\n\n<h2 class=\"wp-block-heading\">Fen\u00f4meno raro pode durar mais de 6 minutos<\/h2>\n\n\n\n<p>O chamado \u201ceclipse do s\u00e9culo\u201d de 2027 ser\u00e1 observado principalmente em regi\u00f5es da Europa, norte da \u00c1frica e Oriente M\u00e9dio, onde a faixa de totalidade proporcionar\u00e1 a melhor experi\u00eancia. Em locais estrat\u00e9gicos, o c\u00e9u pode permanecer completamente escuro por mais de seis minutos, permitindo observar detalhes como a coroa solar.<\/p>\n\n\n\n<p>Esse tipo de fen\u00f4meno n\u00e3o apenas encanta, mas tamb\u00e9m serve como oportunidade cient\u00edfica \u00fanica. Como eclipses t\u00e3o longos s\u00e3o extremamente raros, especialistas apontam que eventos com caracter\u00edsticas semelhantes podem levar mais de 100 anos para se repetir, refor\u00e7ando o car\u00e1ter hist\u00f3rico do que est\u00e1 por vir.<\/p>\n\n\n\n<p><\/p>\n","protected":false},"excerpt":{"rendered":"<p>Um dos fen\u00f4menos astron\u00f4micos mais impressionantes das \u00faltimas d\u00e9cadas j\u00e1 tem data marcada e promete transformar o dia em noite por v\u00e1rios minutos. O eclipse solar total previsto para acontecer nos pr\u00f3ximos anos vem sendo apontado como um dos mais longos vis\u00edveis em terra neste s\u00e9culo, chamando a aten\u00e7\u00e3o de cientistas e entusiastas ao redor [&hellip;]<\/p>\n","protected":false},"author":4,"featured_media":26447,"comment_status":"open","ping_status":"open","sticky":false,"template":"","format":"standard","meta":{"jnews-multi-image_gallery":[],"jnews_single_post":{"format":"standard"},"jnews_primary_category":[],"jnews_social_meta":[],"jnews_post_split":[],"footnotes":""},"categories":[1],"tags":[],"class_list":["post-26444","post","type-post","status-publish","format-standard","has-post-thumbnail","hentry","category-uncategorized"],"_links":{"self":[{"href":"https:\/\/diariodepernambuco.audiencelabs.com.br\/wp-json\/wp\/v2\/posts\/26444","targetHints":{"allow":["GET"]}}],"collection":[{"href":"https:\/\/diariodepernambuco.audiencelabs.com.br\/wp-json\/wp\/v2\/posts"}],"about":[{"href":"https:\/\/diariodepernambuco.audiencelabs.com.br\/wp-json\/wp\/v2\/types\/post"}],"author":[{"embeddable":true,"href":"https:\/\/diariodepernambuco.audiencelabs.com.br\/wp-json\/wp\/v2\/users\/4"}],"replies":[{"embeddable":true,"href":"https:\/\/diariodepernambuco.audiencelabs.com.br\/wp-json\/wp\/v2\/comments?post=26444"}],"version-history":[{"count":3,"href":"https:\/\/diariodepernambuco.audiencelabs.com.br\/wp-json\/wp\/v2\/posts\/26444\/revisions"}],"predecessor-version":[{"id":26449,"href":"https:\/\/diariodepernambuco.audiencelabs.com.br\/wp-json\/wp\/v2\/posts\/26444\/revisions\/26449"}],"wp:featuredmedia":[{"embeddable":true,"href":"https:\/\/diariodepernambuco.audiencelabs.com.br\/wp-json\/wp\/v2\/media\/26447"}],"wp:attachment":[{"href":"https:\/\/diariodepernambuco.audiencelabs.com.br\/wp-json\/wp\/v2\/media?parent=26444"}],"wp:term":[{"taxonomy":"category","embeddable":true,"href":"https:\/\/diariodepernambuco.audiencelabs.com.br\/wp-json\/wp\/v2\/categories?post=26444"},{"taxonomy":"post_tag","embeddable":true,"href":"https:\/\/diariodepernambuco.audiencelabs.com.br\/wp-json\/wp\/v2\/tags?post=26444"}],"curies":[{"name":"wp","href":"https:\/\/api.w.org\/{rel}","templated":true}]}}