{"id":26475,"date":"2026-05-02T07:32:00","date_gmt":"2026-05-02T10:32:00","guid":{"rendered":"https:\/\/diariodepernambuco.audiencelabs.com.br\/?p=26475"},"modified":"2026-04-30T10:22:20","modified_gmt":"2026-04-30T13:22:20","slug":"flamengo-recebeu-pior-noticia-da-semana-e-leonardo-jardim-vai-ter-que-ser-criativo","status":"publish","type":"post","link":"https:\/\/diariodepernambuco.audiencelabs.com.br\/flamengo-recebeu-pior-noticia-da-semana-e-leonardo-jardim-vai-ter-que-ser-criativo\/","title":{"rendered":"Flamengo recebeu pior not\u00edcia da semana e Leonardo Jardim vai ter que ser criativo"},"content":{"rendered":"\n<p>O Flamengo recebeu um duro golpe nos \u00faltimos dias e viu seu principal jogador sair de cena em um momento decisivo da temporada. Giorgian de Arrascaeta sofreu uma fratura na clav\u00edcula durante o empate por 1 a 1 contra o Estudiantes, pela Libertadores, e agora vira desfalque importante para as pr\u00f3ximas semanas.<\/p>\n\n\n\n<p>A les\u00e3o aconteceu ainda no primeiro tempo, ap\u00f3s uma dividida forte, e foi confirmada logo ap\u00f3s exames m\u00e9dicos. O camisa 10, que vive grande fase, deixa uma lacuna enorme no setor criativo da equipe. Al\u00e9m disso, o tempo de recupera\u00e7\u00e3o ainda \u00e9 tratado com cautela pelo clube, j\u00e1 que esse tipo de problema pode variar de caso para caso.<\/p>\n\n\n\n<p>Com a aus\u00eancia do uruguaio, o t\u00e9cnico Leonardo Jardim ter\u00e1 um desafio imediato pela frente: reorganizar o meio-campo sem seu principal articulador. Internamente, a comiss\u00e3o t\u00e9cnica j\u00e1 trabalha com alternativas, mas nenhuma oferece exatamente o mesmo n\u00edvel de criatividade e lideran\u00e7a de Arrascaeta.<\/p>\n\n\n\n<p>Entre as op\u00e7\u00f5es, nomes como Carrascal ganham for\u00e7a para assumir a responsabilidade na arma\u00e7\u00e3o, enquanto o treinador tamb\u00e9m pode apostar em mudan\u00e7as t\u00e1ticas para compensar a perda. O problema \u00e9 que, al\u00e9m da qualidade individual, Arrascaeta \u00e9 considerado pe\u00e7a-chave no funcionamento coletivo da equipe.<\/p>\n\n\n\n<p>A situa\u00e7\u00e3o chega em um momento sens\u00edvel da temporada, com jogos importantes pela frente, incluindo compromissos no Brasileir\u00e3o e na Libertadores. Sem seu principal craque, o Flamengo agora depende da capacidade de adapta\u00e7\u00e3o de Leonardo Jardim para seguir competitivo e evitar que a \u201cpior not\u00edcia da semana\u201d impacte diretamente nos resultados dentro de campo.<\/p>\n\n\n\n<h2 class=\"wp-block-heading\">A agenda do Flamengo na temporada<\/h2>\n\n\n\n<ul class=\"wp-block-list\">\n<li>03\/05, 16h00 &#8211; Flamengo x Vasco &#8211; Brasileir\u00e3o<\/li>\n\n\n\n<li>07\/05, 21h30 &#8211; Independiente Medell\u00edn x Flamengo &#8211; Libertadores<\/li>\n\n\n\n<li>10\/05, 19h30 &#8211; Gr\u00eamio x Flamengo &#8211; Brasileir\u00e3o<\/li>\n\n\n\n<li>14\/05, 21h30 &#8211; Vit\u00f3ria x Flamengo &#8211; Copa do Brasil<\/li>\n\n\n\n<li>17\/05, 19h30 &#8211; Athletico-PR x Flamengo &#8211; Brasileir\u00e3o<\/li>\n\n\n\n<li>20\/05, 21h30 &#8211; Flamengo x Estudiantes &#8211; Libertadores<\/li>\n\n\n\n<li>23\/05, 21h00 &#8211; Flamengo x Palmeiras &#8211; Brasileir\u00e3o<\/li>\n\n\n\n<li>26\/05, 21h30 &#8211; Flamengo x Cusco &#8211; Libertadores<\/li>\n\n\n\n<li>31\/05, 16h00 &#8211; Flamengo x Coritiba &#8211; Brasileir\u00e3o<\/li>\n<\/ul>\n\n\n\n<p><\/p>\n","protected":false},"excerpt":{"rendered":"<p>O Flamengo recebeu um duro golpe nos \u00faltimos dias e viu seu principal jogador sair de cena em um momento decisivo da temporada. Giorgian de Arrascaeta sofreu uma fratura na clav\u00edcula durante o empate por 1 a 1 contra o Estudiantes, pela Libertadores, e agora vira desfalque importante para as pr\u00f3ximas semanas. A les\u00e3o aconteceu [&hellip;]<\/p>\n","protected":false},"author":4,"featured_media":20132,"comment_status":"open","ping_status":"open","sticky":false,"template":"","format":"standard","meta":{"jnews-multi-image_gallery":[],"jnews_single_post":{"format":"standard"},"jnews_primary_category":[],"jnews_social_meta":[],"jnews_post_split":[],"footnotes":""},"categories":[1],"tags":[],"class_list":["post-26475","post","type-post","status-publish","format-standard","has-post-thumbnail","hentry","category-uncategorized"],"_links":{"self":[{"href":"https:\/\/diariodepernambuco.audiencelabs.com.br\/wp-json\/wp\/v2\/posts\/26475","targetHints":{"allow":["GET"]}}],"collection":[{"href":"https:\/\/diariodepernambuco.audiencelabs.com.br\/wp-json\/wp\/v2\/posts"}],"about":[{"href":"https:\/\/diariodepernambuco.audiencelabs.com.br\/wp-json\/wp\/v2\/types\/post"}],"author":[{"embeddable":true,"href":"https:\/\/diariodepernambuco.audiencelabs.com.br\/wp-json\/wp\/v2\/users\/4"}],"replies":[{"embeddable":true,"href":"https:\/\/diariodepernambuco.audiencelabs.com.br\/wp-json\/wp\/v2\/comments?post=26475"}],"version-history":[{"count":2,"href":"https:\/\/diariodepernambuco.audiencelabs.com.br\/wp-json\/wp\/v2\/posts\/26475\/revisions"}],"predecessor-version":[{"id":26478,"href":"https:\/\/diariodepernambuco.audiencelabs.com.br\/wp-json\/wp\/v2\/posts\/26475\/revisions\/26478"}],"wp:featuredmedia":[{"embeddable":true,"href":"https:\/\/diariodepernambuco.audiencelabs.com.br\/wp-json\/wp\/v2\/media\/20132"}],"wp:attachment":[{"href":"https:\/\/diariodepernambuco.audiencelabs.com.br\/wp-json\/wp\/v2\/media?parent=26475"}],"wp:term":[{"taxonomy":"category","embeddable":true,"href":"https:\/\/diariodepernambuco.audiencelabs.com.br\/wp-json\/wp\/v2\/categories?post=26475"},{"taxonomy":"post_tag","embeddable":true,"href":"https:\/\/diariodepernambuco.audiencelabs.com.br\/wp-json\/wp\/v2\/tags?post=26475"}],"curies":[{"name":"wp","href":"https:\/\/api.w.org\/{rel}","templated":true}]}}