{"id":26479,"date":"2026-05-01T15:27:00","date_gmt":"2026-05-01T18:27:00","guid":{"rendered":"https:\/\/diariodepernambuco.audiencelabs.com.br\/?p=26479"},"modified":"2026-05-01T15:26:06","modified_gmt":"2026-05-01T18:26:06","slug":"mansao-mais-extensa-do-brasil-custou-mais-de-r-900-milhoes-e-pertence-a-grande-apresentadora-de-tv","status":"publish","type":"post","link":"https:\/\/diariodepernambuco.audiencelabs.com.br\/mansao-mais-extensa-do-brasil-custou-mais-de-r-900-milhoes-e-pertence-a-grande-apresentadora-de-tv\/","title":{"rendered":"Maior mans\u00e3o do Brasil custou mais de R$ 900 milh\u00f5es e pertence a grande apresentadora de TV"},"content":{"rendered":"\n<p>A maior mans\u00e3o do Brasil chama aten\u00e7\u00e3o n\u00e3o apenas pelo tamanho impressionante, mas tamb\u00e9m pelo valor astron\u00f4mico. Avaliada em cerca de R$ 1 bilh\u00e3o, a propriedade, localizada em Alphaville, na regi\u00e3o metropolitana de S\u00e3o Paulo, pertence \u00e0 apresentadora Daniela Albuquerque e ao seu marido, o empres\u00e1rio Amilcare Dallevo Jr.<\/p>\n\n\n\n<p>Com aproximadamente 17,8 mil metros quadrados de \u00e1rea constru\u00edda, a mans\u00e3o impressiona pela estrutura que mais se assemelha a um resort particular. O espa\u00e7o conta com 18 quartos, 14 banheiros, cinema com capacidade para dezenas de pessoas, al\u00e9m de amplas \u00e1reas de lazer e jardins inspirados em pontos tur\u00edsticos europeus.<\/p>\n\n\n\n<p>O luxo vai al\u00e9m do convencional: a resid\u00eancia possui hangar para at\u00e9 quatro aeronaves, garagem subterr\u00e2nea para diversos carros, quadra esportiva e piscinas distribu\u00eddas pela propriedade. Esses elementos fazem com que o im\u00f3vel ultrapasse o conceito de casa e seja frequentemente comparado a um verdadeiro complexo de entretenimento.<\/p>\n\n\n\n<p>A mans\u00e3o pertence \u00e0 apresentadora do programa \u201cSensacional\u201d, exibido na RedeTV!, que vive no local com a fam\u00edlia. Ao longo dos anos, o im\u00f3vel se tornou s\u00edmbolo de alto padr\u00e3o no Brasil e refor\u00e7a o n\u00edvel de riqueza e exclusividade presente no mercado imobili\u00e1rio de luxo do pa\u00eds.<\/p>\n\n\n\n<h2 class=\"wp-block-heading\">Estrutura impressiona e coloca im\u00f3vel entre os mais luxuosos do mundo<\/h2>\n\n\n\n<p>Al\u00e9m do tamanho, o n\u00edvel de detalhes e sofistica\u00e7\u00e3o da mans\u00e3o chama aten\u00e7\u00e3o. Ambientes amplos, tecnologia integrada e espa\u00e7os planejados para lazer e conforto fazem do im\u00f3vel um dos mais completos j\u00e1 constru\u00eddos no Brasil, rivalizando com propriedades de alto padr\u00e3o internacionais.<\/p>\n\n\n\n<p>A repercuss\u00e3o nas redes sociais e na m\u00eddia mostra como o interesse por im\u00f3veis de luxo segue em alta. No caso da resid\u00eancia de Daniela Albuquerque, a combina\u00e7\u00e3o de tamanho, localiza\u00e7\u00e3o privilegiada e estrutura diferenciada ajuda a explicar por que ela \u00e9 considerada a maior e uma das mais caras do pa\u00eds.<\/p>\n\n\n\n<p><\/p>\n","protected":false},"excerpt":{"rendered":"<p>A maior mans\u00e3o do Brasil chama aten\u00e7\u00e3o n\u00e3o apenas pelo tamanho impressionante, mas tamb\u00e9m pelo valor astron\u00f4mico. Avaliada em cerca de R$ 1 bilh\u00e3o, a propriedade, localizada em Alphaville, na regi\u00e3o metropolitana de S\u00e3o Paulo, pertence \u00e0 apresentadora Daniela Albuquerque e ao seu marido, o empres\u00e1rio Amilcare Dallevo Jr. Com aproximadamente 17,8 mil metros quadrados [&hellip;]<\/p>\n","protected":false},"author":4,"featured_media":12733,"comment_status":"open","ping_status":"open","sticky":false,"template":"","format":"standard","meta":{"jnews-multi-image_gallery":[],"jnews_single_post":{"format":"standard"},"jnews_primary_category":[],"jnews_social_meta":[],"jnews_post_split":[],"footnotes":""},"categories":[1],"tags":[],"class_list":["post-26479","post","type-post","status-publish","format-standard","has-post-thumbnail","hentry","category-uncategorized"],"_links":{"self":[{"href":"https:\/\/diariodepernambuco.audiencelabs.com.br\/wp-json\/wp\/v2\/posts\/26479","targetHints":{"allow":["GET"]}}],"collection":[{"href":"https:\/\/diariodepernambuco.audiencelabs.com.br\/wp-json\/wp\/v2\/posts"}],"about":[{"href":"https:\/\/diariodepernambuco.audiencelabs.com.br\/wp-json\/wp\/v2\/types\/post"}],"author":[{"embeddable":true,"href":"https:\/\/diariodepernambuco.audiencelabs.com.br\/wp-json\/wp\/v2\/users\/4"}],"replies":[{"embeddable":true,"href":"https:\/\/diariodepernambuco.audiencelabs.com.br\/wp-json\/wp\/v2\/comments?post=26479"}],"version-history":[{"count":4,"href":"https:\/\/diariodepernambuco.audiencelabs.com.br\/wp-json\/wp\/v2\/posts\/26479\/revisions"}],"predecessor-version":[{"id":26598,"href":"https:\/\/diariodepernambuco.audiencelabs.com.br\/wp-json\/wp\/v2\/posts\/26479\/revisions\/26598"}],"wp:featuredmedia":[{"embeddable":true,"href":"https:\/\/diariodepernambuco.audiencelabs.com.br\/wp-json\/wp\/v2\/media\/12733"}],"wp:attachment":[{"href":"https:\/\/diariodepernambuco.audiencelabs.com.br\/wp-json\/wp\/v2\/media?parent=26479"}],"wp:term":[{"taxonomy":"category","embeddable":true,"href":"https:\/\/diariodepernambuco.audiencelabs.com.br\/wp-json\/wp\/v2\/categories?post=26479"},{"taxonomy":"post_tag","embeddable":true,"href":"https:\/\/diariodepernambuco.audiencelabs.com.br\/wp-json\/wp\/v2\/tags?post=26479"}],"curies":[{"name":"wp","href":"https:\/\/api.w.org\/{rel}","templated":true}]}}