{"id":26485,"date":"2026-05-03T04:37:00","date_gmt":"2026-05-03T07:37:00","guid":{"rendered":"https:\/\/diariodepernambuco.audiencelabs.com.br\/?p=26485"},"modified":"2026-04-30T10:37:34","modified_gmt":"2026-04-30T13:37:34","slug":"volkswagen-lanca-carro-eletrico-mais-barato-e-promete-ameacar-byd","status":"publish","type":"post","link":"https:\/\/diariodepernambuco.audiencelabs.com.br\/volkswagen-lanca-carro-eletrico-mais-barato-e-promete-ameacar-byd\/","title":{"rendered":"Volkswagen lan\u00e7a carro el\u00e9trico mais barato e promete amea\u00e7ar BYD"},"content":{"rendered":"\n<p>A Volkswagen anunciou o lan\u00e7amento de um de seus carros el\u00e9tricos mais acess\u00edveis, mirando diretamente a concorr\u00eancia com montadoras chinesas como a BYD. Segundo informa\u00e7\u00f5es publicadas pela Folha de S. Paulo, o novo modelo, chamado Volkswagen ID. Polo, chega com pre\u00e7o inicial de cerca de 25 mil euros (aproximadamente R$ 145,7 mil).<\/p>\n\n\n\n<p>O ID.Polo ser\u00e1 o principal integrante de uma nova fam\u00edlia de quatro carros el\u00e9tricos de entrada que ser\u00e3o lan\u00e7ados ainda este ano pelas marcas do grupo \u2014 Volkswagen, \u0160koda e Cupra. O desenvolvimento conjunto dos modelos permitiu uma economia significativa de cerca de 650 milh\u00f5es de euros, evitando duplica\u00e7\u00e3o de esfor\u00e7os entre as empresas e reduzindo custos de produ\u00e7\u00e3o.<\/p>\n\n\n<div class=\"wp-block-image\">\n<figure class=\"aligncenter size-full is-resized\"><img loading=\"lazy\" decoding=\"async\" width=\"768\" height=\"512\" src=\"https:\/\/diariodepernambuco.audiencelabs.com.br\/wp-content\/uploads\/2026\/05\/ID-Polo-Volkswagen.jpg\" alt=\"\" class=\"wp-image-26492\" style=\"width:696px;height:auto\" srcset=\"https:\/\/diariodepernambuco.audiencelabs.com.br\/wp-content\/uploads\/2026\/05\/ID-Polo-Volkswagen.jpg 768w, https:\/\/diariodepernambuco.audiencelabs.com.br\/wp-content\/uploads\/2026\/05\/ID-Polo-Volkswagen-300x200.jpg 300w, https:\/\/diariodepernambuco.audiencelabs.com.br\/wp-content\/uploads\/2026\/05\/ID-Polo-Volkswagen-750x500.jpg 750w\" sizes=\"auto, (max-width: 768px) 100vw, 768px\" \/><figcaption class=\"wp-element-caption\">ID. Polo exposto em evento do setor na Alemanha &#8211;\u00a0Reuters<\/figcaption><\/figure>\n<\/div>\n\n\n<p>De acordo com Thomas Sch\u00e4fer, CEO da marca Volkswagen, a ideia \u00e9 tornar os carros el\u00e9tricos mais acess\u00edveis ao p\u00fablico. Os ve\u00edculos compartilham uma plataforma comum, utilizam cerca de 80% dos mesmos componentes e ser\u00e3o produzidos em uma \u00fanica f\u00e1brica na Espanha, onde os custos s\u00e3o mais baixos em compara\u00e7\u00e3o com a Alemanha.<\/p>\n\n\n\n<p>O movimento faz parte de um amplo plano de reestrutura\u00e7\u00e3o da Volkswagen, que busca aumentar a rentabilidade no segmento el\u00e9trico e enfrentar a crescente presen\u00e7a de marcas chinesas no mercado europeu. A estrat\u00e9gia inclui cortes de custos e otimiza\u00e7\u00e3o da produ\u00e7\u00e3o, com expectativa de economizar at\u00e9 1 bilh\u00e3o de euros at\u00e9 2030.<\/p>\n\n\n\n<h2 class=\"wp-block-heading\">Estrat\u00e9gia mira produ\u00e7\u00e3o em escala e confronto direto com chinesas<\/h2>\n\n\n\n<p>A ofensiva da Volkswagen ocorre em um momento de forte avan\u00e7o das montadoras chinesas, especialmente da BYD, que vem ganhando espa\u00e7o com modelos mais baratos e tecnol\u00f3gicos. O novo ID.Polo entra justamente nesse cen\u00e1rio competitivo, buscando oferecer um equil\u00edbrio entre pre\u00e7o e efici\u00eancia.<\/p>\n\n\n\n<p>Para se ter uma ideia, o valor inicial do modelo alem\u00e3o fica pr\u00f3ximo ao do BYD Dolphin Surf, que custa pouco menos de 23 mil euros na vers\u00e3o de entrada. Essa disputa direta mostra que a briga pelo mercado de carros el\u00e9tricos acess\u00edveis deve se intensificar nos pr\u00f3ximos anos.<\/p>\n\n\n\n<p><\/p>\n","protected":false},"excerpt":{"rendered":"<p>A Volkswagen anunciou o lan\u00e7amento de um de seus carros el\u00e9tricos mais acess\u00edveis, mirando diretamente a concorr\u00eancia com montadoras chinesas como a BYD. Segundo informa\u00e7\u00f5es publicadas pela Folha de S. Paulo, o novo modelo, chamado Volkswagen ID. Polo, chega com pre\u00e7o inicial de cerca de 25 mil euros (aproximadamente R$ 145,7 mil). O ID.Polo ser\u00e1 [&hellip;]<\/p>\n","protected":false},"author":4,"featured_media":24723,"comment_status":"open","ping_status":"open","sticky":false,"template":"","format":"standard","meta":{"jnews-multi-image_gallery":[],"jnews_single_post":{"format":"standard"},"jnews_primary_category":[],"jnews_social_meta":[],"jnews_post_split":[],"footnotes":""},"categories":[1],"tags":[],"class_list":["post-26485","post","type-post","status-publish","format-standard","has-post-thumbnail","hentry","category-uncategorized"],"_links":{"self":[{"href":"https:\/\/diariodepernambuco.audiencelabs.com.br\/wp-json\/wp\/v2\/posts\/26485","targetHints":{"allow":["GET"]}}],"collection":[{"href":"https:\/\/diariodepernambuco.audiencelabs.com.br\/wp-json\/wp\/v2\/posts"}],"about":[{"href":"https:\/\/diariodepernambuco.audiencelabs.com.br\/wp-json\/wp\/v2\/types\/post"}],"author":[{"embeddable":true,"href":"https:\/\/diariodepernambuco.audiencelabs.com.br\/wp-json\/wp\/v2\/users\/4"}],"replies":[{"embeddable":true,"href":"https:\/\/diariodepernambuco.audiencelabs.com.br\/wp-json\/wp\/v2\/comments?post=26485"}],"version-history":[{"count":3,"href":"https:\/\/diariodepernambuco.audiencelabs.com.br\/wp-json\/wp\/v2\/posts\/26485\/revisions"}],"predecessor-version":[{"id":26493,"href":"https:\/\/diariodepernambuco.audiencelabs.com.br\/wp-json\/wp\/v2\/posts\/26485\/revisions\/26493"}],"wp:featuredmedia":[{"embeddable":true,"href":"https:\/\/diariodepernambuco.audiencelabs.com.br\/wp-json\/wp\/v2\/media\/24723"}],"wp:attachment":[{"href":"https:\/\/diariodepernambuco.audiencelabs.com.br\/wp-json\/wp\/v2\/media?parent=26485"}],"wp:term":[{"taxonomy":"category","embeddable":true,"href":"https:\/\/diariodepernambuco.audiencelabs.com.br\/wp-json\/wp\/v2\/categories?post=26485"},{"taxonomy":"post_tag","embeddable":true,"href":"https:\/\/diariodepernambuco.audiencelabs.com.br\/wp-json\/wp\/v2\/tags?post=26485"}],"curies":[{"name":"wp","href":"https:\/\/api.w.org\/{rel}","templated":true}]}}