{"id":26489,"date":"2026-04-30T12:40:57","date_gmt":"2026-04-30T15:40:57","guid":{"rendered":"https:\/\/diariodepernambuco.audiencelabs.com.br\/?p=26489"},"modified":"2026-04-30T12:40:58","modified_gmt":"2026-04-30T15:40:58","slug":"maior-cachoeira-do-brasil-ficava-escondida-por-terra-desconhecida-e-poucos-sabem-o-misterio","status":"publish","type":"post","link":"https:\/\/diariodepernambuco.audiencelabs.com.br\/maior-cachoeira-do-brasil-ficava-escondida-por-terra-desconhecida-e-poucos-sabem-o-misterio\/","title":{"rendered":"Maior cachoeira do Brasil ficava escondida por terra desconhecida e poucos sabem o mist\u00e9rio"},"content":{"rendered":"\n<p>A <strong>Cachoeira Por\u00e3<\/strong>, localizada no litoral norte do Rio Grande do Sul, foi durante muito tempo pouco explorada por estar cercada por uma mata fechada e localizada em uma \u00e1rea de dif\u00edcil acesso.<\/p>\n\n\n\n<p>O caminho envolve trilhas <em>bem estreitas<\/em> e pouco sinalizadas, al\u00e9m de trechos com forte vegeta\u00e7\u00e3o, o que faz com que poucas pessoas consigam chegar at\u00e9 ela com facilidade. Esse &#8220;isolamento&#8221; ajudou a manter o lugar preservado e distante do turismo durante muitos anos.<\/p>\n\n\n\n<p>Mesmo sendo conhecida por moradores da regi\u00e3o, a cachoeira s\u00f3 teve sua dimens\u00e3o realmente conhecida mais recentemente, quando come\u00e7aram estudos mais detalhados no local.<\/p>\n\n\n\n<h2 class=\"wp-block-heading\">Altura que surpreende<\/h2>\n\n\n\n<p>A Cachoeira Por\u00e3 impressiona principalmente pelo seu tamanho: ela possui cerca de <strong>450 metros de altura<\/strong>, o que a coloca entre as maiores quedas d&#8217;\u00e1gua do Brasil. Para ter uma ideia, essa altura \u00e9 maior do que muitos pr\u00e9dios famosos ao redor do mundo, ultrapassando at\u00e9 a <em>Torre Eiffel<\/em>.<\/p>\n\n\n\n<p>A \u00e1gua desce por v\u00e1rias camadas de rocha, formando quedas sucessivas at\u00e9 chegar ao vale. No caminho, ela cria uma n\u00e9voa que deixa o cen\u00e1rio ainda mais bonito.<\/p>\n\n\n\n<h2 class=\"wp-block-heading\">Lugar ainda pouco visitado<\/h2>\n\n\n\n<p>Mesmo depois de ganhar mais reconhecimento, a Cachoeira Por\u00e3 continua sendo pouco visitada, principalmente por causa do acesso dif\u00edcil e da preserva\u00e7\u00e3o da \u00e1rea ao redor. Isso mostra como o Brasil \u00e9 <em>gigantesco<\/em> e ainda guarda paisagens impressionantes em lugares pouco explorados.<\/p>\n","protected":false},"excerpt":{"rendered":"<p>A Cachoeira Por\u00e3, localizada no litoral norte do Rio Grande do Sul, foi durante muito tempo pouco explorada por estar cercada por uma mata fechada e localizada em uma \u00e1rea de dif\u00edcil acesso. O caminho envolve trilhas bem estreitas e pouco sinalizadas, al\u00e9m de trechos com forte vegeta\u00e7\u00e3o, o que faz com que poucas pessoas [&hellip;]<\/p>\n","protected":false},"author":17,"featured_media":26535,"comment_status":"open","ping_status":"open","sticky":false,"template":"","format":"standard","meta":{"jnews-multi-image_gallery":[],"jnews_single_post":{"format":"standard"},"jnews_primary_category":[],"jnews_social_meta":[],"jnews_post_split":[],"footnotes":""},"categories":[1],"tags":[],"class_list":["post-26489","post","type-post","status-publish","format-standard","has-post-thumbnail","hentry","category-uncategorized"],"_links":{"self":[{"href":"https:\/\/diariodepernambuco.audiencelabs.com.br\/wp-json\/wp\/v2\/posts\/26489","targetHints":{"allow":["GET"]}}],"collection":[{"href":"https:\/\/diariodepernambuco.audiencelabs.com.br\/wp-json\/wp\/v2\/posts"}],"about":[{"href":"https:\/\/diariodepernambuco.audiencelabs.com.br\/wp-json\/wp\/v2\/types\/post"}],"author":[{"embeddable":true,"href":"https:\/\/diariodepernambuco.audiencelabs.com.br\/wp-json\/wp\/v2\/users\/17"}],"replies":[{"embeddable":true,"href":"https:\/\/diariodepernambuco.audiencelabs.com.br\/wp-json\/wp\/v2\/comments?post=26489"}],"version-history":[{"count":1,"href":"https:\/\/diariodepernambuco.audiencelabs.com.br\/wp-json\/wp\/v2\/posts\/26489\/revisions"}],"predecessor-version":[{"id":26536,"href":"https:\/\/diariodepernambuco.audiencelabs.com.br\/wp-json\/wp\/v2\/posts\/26489\/revisions\/26536"}],"wp:featuredmedia":[{"embeddable":true,"href":"https:\/\/diariodepernambuco.audiencelabs.com.br\/wp-json\/wp\/v2\/media\/26535"}],"wp:attachment":[{"href":"https:\/\/diariodepernambuco.audiencelabs.com.br\/wp-json\/wp\/v2\/media?parent=26489"}],"wp:term":[{"taxonomy":"category","embeddable":true,"href":"https:\/\/diariodepernambuco.audiencelabs.com.br\/wp-json\/wp\/v2\/categories?post=26489"},{"taxonomy":"post_tag","embeddable":true,"href":"https:\/\/diariodepernambuco.audiencelabs.com.br\/wp-json\/wp\/v2\/tags?post=26489"}],"curies":[{"name":"wp","href":"https:\/\/api.w.org\/{rel}","templated":true}]}}