{"id":2650,"date":"2025-09-04T14:45:09","date_gmt":"2025-09-04T17:45:09","guid":{"rendered":"https:\/\/diariodepernambuco.audiencelabs.com.br\/?p=2650"},"modified":"2025-09-03T14:47:14","modified_gmt":"2025-09-03T17:47:14","slug":"brasil-vai-parar-em-dois-momentos-para-folgao-coletivo","status":"publish","type":"post","link":"https:\/\/diariodepernambuco.audiencelabs.com.br\/brasil-vai-parar-em-dois-momentos-para-folgao-coletivo\/","title":{"rendered":"Brasil vai parar em dois momentos para folg\u00e3o coletivo"},"content":{"rendered":"\n<p>O calend\u00e1rio de 2025 ainda reserva seis feriados nacionais entre setembro e dezembro. No entanto, a chance de prolongar o descanso ser\u00e1 restrita: apenas dois deles poder\u00e3o ser emendados com o fim de semana.<\/p>\n\n\n\n<p>Segundo o cronograma oficial, tr\u00eas datas coincidem com o domingo, duas ocorrem em quintas-feiras e uma cai no s\u00e1bado. Dessa forma, o n\u00famero de feriados prolongados no \u00faltimo quadrimestre do ano ser\u00e1 limitado.<\/p>\n\n\n\n<h2 class=\"wp-block-heading\" id=\"h-feriados-nacionais-e-calendario\">Feriados nacionais do per\u00edodo<\/h2>\n\n\n\n<p>Entre as datas mais aguardadas est\u00e1 o Dia da Consci\u00eancia Negra, celebrado em 20 de novembro. Oficializado como feriado nacional em 2023, ap\u00f3s san\u00e7\u00e3o do presidente Luiz In\u00e1cio Lula da Silva, a aplica\u00e7\u00e3o da medida varia conforme legisla\u00e7\u00f5es estaduais e municipais. Em algumas cidades, a data segue como ponto facultativo.<\/p>\n\n\n\n<p>Al\u00e9m desse, o pa\u00eds ter\u00e1 outros feriados tradicionais:<\/p>\n\n\n\n<ul class=\"wp-block-list\">\n<li><strong>7 de setembro<\/strong> \u2013 Independ\u00eancia do Brasil (domingo)<\/li>\n\n\n\n<li><strong>12 de outubro<\/strong> \u2013 Nossa Senhora Aparecida (domingo)<\/li>\n\n\n\n<li><strong>2 de novembro<\/strong> \u2013 Finados (s\u00e1bado)<\/li>\n\n\n\n<li><strong>15 de novembro<\/strong> \u2013 Proclama\u00e7\u00e3o da Rep\u00fablica (s\u00e1bado)<\/li>\n\n\n\n<li><strong>20 de novembro<\/strong> \u2013 Consci\u00eancia Negra (quinta-feira)<\/li>\n\n\n\n<li><strong>25 de dezembro<\/strong> \u2013 Natal (quinta-feira)<\/li>\n<\/ul>\n\n\n\n<hr class=\"wp-block-separator has-alpha-channel-opacity\" \/>\n\n\n\n<h3 class=\"wp-block-heading\">Oportunidades para descanso prolongado<\/h3>\n\n\n\n<p>Na pr\u00e1tica, apenas o Dia da Consci\u00eancia Negra e o Natal oferecem possibilidade de feriados prolongados, j\u00e1 que caem em quintas-feiras. Nessas ocasi\u00f5es, \u00e9 comum \u00f3rg\u00e3os p\u00fablicos e empresas adotarem ponto facultativo na sexta-feira seguinte, permitindo quatro dias de folga.<\/p>\n\n\n\n<p>Os demais, por coincidirem com s\u00e1bados ou domingos, reduzem o impacto no calend\u00e1rio de trabalho, ainda que mantenham seu car\u00e1ter simb\u00f3lico e cultural.<\/p>\n","protected":false},"excerpt":{"rendered":"<p>O calend\u00e1rio de 2025 ainda reserva seis feriados nacionais entre setembro e dezembro. No entanto, a chance de prolongar o descanso ser\u00e1 restrita: apenas dois deles poder\u00e3o ser emendados com o fim de semana. Segundo o cronograma oficial, tr\u00eas datas coincidem com o domingo, duas ocorrem em quintas-feiras e uma cai no s\u00e1bado. Dessa forma, [&hellip;]<\/p>\n","protected":false},"author":7,"featured_media":2658,"comment_status":"open","ping_status":"open","sticky":false,"template":"","format":"standard","meta":{"jnews-multi-image_gallery":[],"jnews_single_post":{"format":"standard"},"jnews_primary_category":[],"jnews_social_meta":[],"jnews_post_split":[],"footnotes":""},"categories":[1],"tags":[],"class_list":["post-2650","post","type-post","status-publish","format-standard","has-post-thumbnail","hentry","category-uncategorized"],"_links":{"self":[{"href":"https:\/\/diariodepernambuco.audiencelabs.com.br\/wp-json\/wp\/v2\/posts\/2650","targetHints":{"allow":["GET"]}}],"collection":[{"href":"https:\/\/diariodepernambuco.audiencelabs.com.br\/wp-json\/wp\/v2\/posts"}],"about":[{"href":"https:\/\/diariodepernambuco.audiencelabs.com.br\/wp-json\/wp\/v2\/types\/post"}],"author":[{"embeddable":true,"href":"https:\/\/diariodepernambuco.audiencelabs.com.br\/wp-json\/wp\/v2\/users\/7"}],"replies":[{"embeddable":true,"href":"https:\/\/diariodepernambuco.audiencelabs.com.br\/wp-json\/wp\/v2\/comments?post=2650"}],"version-history":[{"count":1,"href":"https:\/\/diariodepernambuco.audiencelabs.com.br\/wp-json\/wp\/v2\/posts\/2650\/revisions"}],"predecessor-version":[{"id":2656,"href":"https:\/\/diariodepernambuco.audiencelabs.com.br\/wp-json\/wp\/v2\/posts\/2650\/revisions\/2656"}],"wp:featuredmedia":[{"embeddable":true,"href":"https:\/\/diariodepernambuco.audiencelabs.com.br\/wp-json\/wp\/v2\/media\/2658"}],"wp:attachment":[{"href":"https:\/\/diariodepernambuco.audiencelabs.com.br\/wp-json\/wp\/v2\/media?parent=2650"}],"wp:term":[{"taxonomy":"category","embeddable":true,"href":"https:\/\/diariodepernambuco.audiencelabs.com.br\/wp-json\/wp\/v2\/categories?post=2650"},{"taxonomy":"post_tag","embeddable":true,"href":"https:\/\/diariodepernambuco.audiencelabs.com.br\/wp-json\/wp\/v2\/tags?post=2650"}],"curies":[{"name":"wp","href":"https:\/\/api.w.org\/{rel}","templated":true}]}}