{"id":26544,"date":"2026-04-30T13:39:55","date_gmt":"2026-04-30T16:39:55","guid":{"rendered":"https:\/\/diariodepernambuco.audiencelabs.com.br\/?p=26544"},"modified":"2026-04-30T13:40:07","modified_gmt":"2026-04-30T16:40:07","slug":"michael-jackson-e-anunciado-como-novo-treinador-de-time-do-campeonato-ingles","status":"publish","type":"post","link":"https:\/\/diariodepernambuco.audiencelabs.com.br\/michael-jackson-e-anunciado-como-novo-treinador-de-time-do-campeonato-ingles\/","title":{"rendered":"Michael Jackson \u00e9 anunciado como novo treinador de time do Campeonato Ingl\u00eas"},"content":{"rendered":"\n<p>A quinta-feira (30) tem sido de intensa movimenta\u00e7\u00e3o nos bastidores do Burnley Football Club, pois embora o t\u00e9cnico Scott Parker tenha acabado de se despedir do time, <strong>o nome de Michael Jackson surgiu para assumir o comando<\/strong>.<\/p>\n\n\n\n<p>E vale destacar que o treinador, de 52 anos, j\u00e1 \u00e9 conhecido pelos torcedores, j\u00e1 que, al\u00e9m de ter atuado como auxiliar de Parker, ele tamb\u00e9m <strong>j\u00e1 comandou o Burnley de forma provis\u00f3ria<\/strong> em 2022, tendo registrado tr\u00eas vit\u00f3rias, dois empates e tr\u00eas derrotas ao longo da trajet\u00f3ria.<\/p>\n\n\n\n<p>Inclusive, \u00e9 importante destacar que o v\u00ednculo de Michael <strong>tamb\u00e9m n\u00e3o ser\u00e1 definitivo desta vez<\/strong>, pois o treinador assume o cargo de forma interina somente at\u00e9 o encerramento da temporada da Premier League junto da comiss\u00e3o t\u00e9cnica atual.<\/p>\n\n\n\n<p>A equipe comandar\u00e1 o time em meio a um cen\u00e1rio adverso, uma vez que o Burnley teve, h\u00e1 apenas uma semana, <strong>seu rebaixamento \u00e0 EFL Championship<\/strong>, que \u00e9 a segunda divis\u00e3o do futebol ingl\u00eas, pela terceira vez em cinco temporadas, sendo esse o motivo por tr\u00e1s da sa\u00edda de Parker.<\/p>\n\n\n\n<p>Na sexta-feira (1\u00aa), o time <strong>entrar\u00e1 em campo para enfrentar o Leeds United<\/strong>. J\u00e1 a temporada ser\u00e1 encerrada em partidas contra times como Aston Villa, Arsenal e Wolverhampton.<\/p>\n\n\n\n<h2 class=\"wp-block-heading\">Mais sobre Michael Jackson: conhe\u00e7a o novo treinador do Burnley<\/h2>\n\n\n\n<p>Nascido em Runcorn, na Inglaterra, Michael Jackson j\u00e1 atuou dentro dos campos como zagueiro. Entretanto, uma contus\u00e3o cr\u00f4nica no joelho acabou obrigando-o a botar um ponto final em sua carreira em 2010.<\/p>\n\n\n\n<p>A partir desse momento, ele decidiu dar in\u00edcio a uma trajet\u00f3ria nos bastidores, tendo inicialmente<strong> atuado como treinador interino do Shrewsburry Town<\/strong>, um clube da quarta divis\u00e3o da Inglaterra.<\/p>\n\n\n\n<p>Em 2020, Michael passou algumas temporadas comandando o Tranmere Rovers e, no ano seguinte, acabou sendo contratado pelo Burnley, onde vem trabalhando como auxiliar t\u00e9cnico e treinador interino desde ent\u00e3o.<\/p>\n","protected":false},"excerpt":{"rendered":"<p>A quinta-feira (30) tem sido de intensa movimenta\u00e7\u00e3o nos bastidores do Burnley Football Club, pois embora o t\u00e9cnico Scott Parker tenha acabado de se despedir do time, o nome de Michael Jackson surgiu para assumir o comando. E vale destacar que o treinador, de 52 anos, j\u00e1 \u00e9 conhecido pelos torcedores, j\u00e1 que, al\u00e9m de [&hellip;]<\/p>\n","protected":false},"author":15,"featured_media":26545,"comment_status":"open","ping_status":"open","sticky":false,"template":"","format":"standard","meta":{"jnews-multi-image_gallery":[],"jnews_single_post":{"format":"standard"},"jnews_primary_category":[],"jnews_social_meta":[],"jnews_post_split":[],"footnotes":""},"categories":[1],"tags":[],"class_list":["post-26544","post","type-post","status-publish","format-standard","has-post-thumbnail","hentry","category-uncategorized"],"_links":{"self":[{"href":"https:\/\/diariodepernambuco.audiencelabs.com.br\/wp-json\/wp\/v2\/posts\/26544","targetHints":{"allow":["GET"]}}],"collection":[{"href":"https:\/\/diariodepernambuco.audiencelabs.com.br\/wp-json\/wp\/v2\/posts"}],"about":[{"href":"https:\/\/diariodepernambuco.audiencelabs.com.br\/wp-json\/wp\/v2\/types\/post"}],"author":[{"embeddable":true,"href":"https:\/\/diariodepernambuco.audiencelabs.com.br\/wp-json\/wp\/v2\/users\/15"}],"replies":[{"embeddable":true,"href":"https:\/\/diariodepernambuco.audiencelabs.com.br\/wp-json\/wp\/v2\/comments?post=26544"}],"version-history":[{"count":1,"href":"https:\/\/diariodepernambuco.audiencelabs.com.br\/wp-json\/wp\/v2\/posts\/26544\/revisions"}],"predecessor-version":[{"id":26549,"href":"https:\/\/diariodepernambuco.audiencelabs.com.br\/wp-json\/wp\/v2\/posts\/26544\/revisions\/26549"}],"wp:featuredmedia":[{"embeddable":true,"href":"https:\/\/diariodepernambuco.audiencelabs.com.br\/wp-json\/wp\/v2\/media\/26545"}],"wp:attachment":[{"href":"https:\/\/diariodepernambuco.audiencelabs.com.br\/wp-json\/wp\/v2\/media?parent=26544"}],"wp:term":[{"taxonomy":"category","embeddable":true,"href":"https:\/\/diariodepernambuco.audiencelabs.com.br\/wp-json\/wp\/v2\/categories?post=26544"},{"taxonomy":"post_tag","embeddable":true,"href":"https:\/\/diariodepernambuco.audiencelabs.com.br\/wp-json\/wp\/v2\/tags?post=26544"}],"curies":[{"name":"wp","href":"https:\/\/api.w.org\/{rel}","templated":true}]}}