{"id":26571,"date":"2026-05-01T12:05:00","date_gmt":"2026-05-01T15:05:00","guid":{"rendered":"https:\/\/diariodepernambuco.audiencelabs.com.br\/?p=26571"},"modified":"2026-04-30T15:33:08","modified_gmt":"2026-04-30T18:33:08","slug":"dono-da-havan-comprou-ferrari-dos-helicopteros-para-viajar-com-luxo-e-rapidez-no-brasil","status":"publish","type":"post","link":"https:\/\/diariodepernambuco.audiencelabs.com.br\/dono-da-havan-comprou-ferrari-dos-helicopteros-para-viajar-com-luxo-e-rapidez-no-brasil\/","title":{"rendered":"Dono da Havan comprou Ferrari dos helic\u00f3pteros para viajar com luxo e rapidez no Brasil"},"content":{"rendered":"\n<p>Quando uma empresa est\u00e1 presente em v\u00e1rias cidades, se deslocar r\u00e1pido faz muita diferen\u00e7a. E o empres\u00e1rio Luciano Hang, dono das lojas Havan, percebeu isso e passou a tratar suas viagens como parte importante do trabalho, buscando formas de economizar tempo.<\/p>\n\n\n\n<p>Um dos principais aliados na rotina do empres\u00e1rio \u00e9 o helic\u00f3ptero <strong>Leonardo AW169<\/strong>, um modelo que custa por volta de <strong>R$ 50 milh\u00f5es<\/strong>. Ele pode atingir cerca de <strong>280 km\/h<\/strong>, o que permite ir de uma cidade a outra muito mais r\u00e1pido do que de carro. Al\u00e9m disso, a cabine \u00e9 confort\u00e1vel e silenciosa, o que proporciona viagens agrad\u00e1veis.<\/p>\n\n\n\n<h2 class=\"wp-block-heading\">Muito al\u00e9m do luxo<\/h2>\n\n\n\n<p>Apesar de chamar aten\u00e7\u00e3o pelo visual e pelo valor, o helic\u00f3ptero n\u00e3o \u00e9 um simples item de luxo, j\u00e1 que ele faz parte da rotina de trabalho de Hang, sendo utilizado para visitar obras, participar de reuni\u00f5es e acompanhar de perto o funcionamento das lojas.<\/p>\n\n\n<div class=\"wp-block-image\">\n<figure class=\"aligncenter size-large is-resized\"><img loading=\"lazy\" decoding=\"async\" width=\"1024\" height=\"512\" src=\"https:\/\/diariodepernambuco.audiencelabs.com.br\/wp-content\/uploads\/2026\/05\/dono-da-havan-surpreende-com-aeronave-de-luxo-aval0138282100202603161649-ScaleDownProportional-1024x512.webp\" alt=\"\" class=\"wp-image-26574\" style=\"width:784px;height:auto\" srcset=\"https:\/\/diariodepernambuco.audiencelabs.com.br\/wp-content\/uploads\/2026\/05\/dono-da-havan-surpreende-com-aeronave-de-luxo-aval0138282100202603161649-ScaleDownProportional-1024x512.webp 1024w, https:\/\/diariodepernambuco.audiencelabs.com.br\/wp-content\/uploads\/2026\/05\/dono-da-havan-surpreende-com-aeronave-de-luxo-aval0138282100202603161649-ScaleDownProportional-300x150.webp 300w, https:\/\/diariodepernambuco.audiencelabs.com.br\/wp-content\/uploads\/2026\/05\/dono-da-havan-surpreende-com-aeronave-de-luxo-aval0138282100202603161649-ScaleDownProportional-768x384.webp 768w, https:\/\/diariodepernambuco.audiencelabs.com.br\/wp-content\/uploads\/2026\/05\/dono-da-havan-surpreende-com-aeronave-de-luxo-aval0138282100202603161649-ScaleDownProportional-360x180.webp 360w, https:\/\/diariodepernambuco.audiencelabs.com.br\/wp-content\/uploads\/2026\/05\/dono-da-havan-surpreende-com-aeronave-de-luxo-aval0138282100202603161649-ScaleDownProportional-750x375.webp 750w, https:\/\/diariodepernambuco.audiencelabs.com.br\/wp-content\/uploads\/2026\/05\/dono-da-havan-surpreende-com-aeronave-de-luxo-aval0138282100202603161649-ScaleDownProportional-1140x570.webp 1140w, https:\/\/diariodepernambuco.audiencelabs.com.br\/wp-content\/uploads\/2026\/05\/dono-da-havan-surpreende-com-aeronave-de-luxo-aval0138282100202603161649-ScaleDownProportional.webp 1200w\" sizes=\"auto, (max-width: 1024px) 100vw, 1024px\" \/><figcaption class=\"wp-element-caption\">Foto: Instagram\/Aplace2land<\/figcaption><\/figure>\n<\/div>\n\n\n<h2 class=\"wp-block-heading\">Frota que acompanha o crescimento<\/h2>\n\n\n\n<p>Al\u00e9m do helic\u00f3ptero, a empresa tamb\u00e9m conta com jatos executivos como o <strong>Bombardier Learjet 45<\/strong>, o <strong>Challenger 350<\/strong> e o <strong>Global 6000<\/strong>. Essas aeronaves ajudam em viagens mais longas, oferecendo maior rapidez para trajetos entre estados ou regi\u00f5es mais distantes.<\/p>\n","protected":false},"excerpt":{"rendered":"<p>Quando uma empresa est\u00e1 presente em v\u00e1rias cidades, se deslocar r\u00e1pido faz muita diferen\u00e7a. E o empres\u00e1rio Luciano Hang, dono das lojas Havan, percebeu isso e passou a tratar suas viagens como parte importante do trabalho, buscando formas de economizar tempo. Um dos principais aliados na rotina do empres\u00e1rio \u00e9 o helic\u00f3ptero Leonardo AW169, um [&hellip;]<\/p>\n","protected":false},"author":17,"featured_media":16642,"comment_status":"open","ping_status":"open","sticky":false,"template":"","format":"standard","meta":{"jnews-multi-image_gallery":[],"jnews_single_post":{"format":"standard"},"jnews_primary_category":[],"jnews_social_meta":[],"jnews_post_split":[],"footnotes":""},"categories":[1],"tags":[],"class_list":["post-26571","post","type-post","status-publish","format-standard","has-post-thumbnail","hentry","category-uncategorized"],"_links":{"self":[{"href":"https:\/\/diariodepernambuco.audiencelabs.com.br\/wp-json\/wp\/v2\/posts\/26571","targetHints":{"allow":["GET"]}}],"collection":[{"href":"https:\/\/diariodepernambuco.audiencelabs.com.br\/wp-json\/wp\/v2\/posts"}],"about":[{"href":"https:\/\/diariodepernambuco.audiencelabs.com.br\/wp-json\/wp\/v2\/types\/post"}],"author":[{"embeddable":true,"href":"https:\/\/diariodepernambuco.audiencelabs.com.br\/wp-json\/wp\/v2\/users\/17"}],"replies":[{"embeddable":true,"href":"https:\/\/diariodepernambuco.audiencelabs.com.br\/wp-json\/wp\/v2\/comments?post=26571"}],"version-history":[{"count":3,"href":"https:\/\/diariodepernambuco.audiencelabs.com.br\/wp-json\/wp\/v2\/posts\/26571\/revisions"}],"predecessor-version":[{"id":26575,"href":"https:\/\/diariodepernambuco.audiencelabs.com.br\/wp-json\/wp\/v2\/posts\/26571\/revisions\/26575"}],"wp:featuredmedia":[{"embeddable":true,"href":"https:\/\/diariodepernambuco.audiencelabs.com.br\/wp-json\/wp\/v2\/media\/16642"}],"wp:attachment":[{"href":"https:\/\/diariodepernambuco.audiencelabs.com.br\/wp-json\/wp\/v2\/media?parent=26571"}],"wp:term":[{"taxonomy":"category","embeddable":true,"href":"https:\/\/diariodepernambuco.audiencelabs.com.br\/wp-json\/wp\/v2\/categories?post=26571"},{"taxonomy":"post_tag","embeddable":true,"href":"https:\/\/diariodepernambuco.audiencelabs.com.br\/wp-json\/wp\/v2\/tags?post=26571"}],"curies":[{"name":"wp","href":"https:\/\/api.w.org\/{rel}","templated":true}]}}