{"id":26576,"date":"2026-05-03T09:59:00","date_gmt":"2026-05-03T12:59:00","guid":{"rendered":"https:\/\/diariodepernambuco.audiencelabs.com.br\/?p=26576"},"modified":"2026-04-30T16:02:06","modified_gmt":"2026-04-30T19:02:06","slug":"maior-peixe-dos-oceanos-tem-quase-10-metros-e-come-21kg-de-alimentos-por-dia","status":"publish","type":"post","link":"https:\/\/diariodepernambuco.audiencelabs.com.br\/maior-peixe-dos-oceanos-tem-quase-10-metros-e-come-21kg-de-alimentos-por-dia\/","title":{"rendered":"Maior peixe dos oceanos tem quase 10 metros e come 21kg de alimentos por dia"},"content":{"rendered":"\n<p>Quando pensamos em animais enormes do oceano, \u00e9 comum imaginar criaturas perigosas, mas a verdade \u00e9 que o maior peixe do mundo \u00e9 bem diferente disso. Mesmo podendo chegar perto dos <strong>10 metros de comprimento<\/strong>, ele \u00e9 conhecido por ser calmo e n\u00e3o representar amea\u00e7a.<\/p>\n\n\n\n<p>Apesar do tamanho, esse peixe n\u00e3o ca\u00e7a grandes presas e sua alimenta\u00e7\u00e3o \u00e9 baseada em seres bem pequenos, como pl\u00e2ncton e peixinhos. Ele nada devagar com a boca aberta, filtrando a \u00e1gua para capturar o alimento. Em um \u00fanico dia, pode consumir <strong>cerca de 21 kg<\/strong>, o que parece muito, mas \u00e9 pouco se comparado ao seu tamanho.<\/p>\n\n\n\n<h2 class=\"wp-block-heading\">Onde esse peixe vive<\/h2>\n\n\n\n<p>Esse gigante costuma viver em oceanos de \u00e1guas mais quentes, principalmente em regi\u00f5es tropicais, e pode aparecer tanto perto da costa quanto em \u00e1reas mais afastadas. Como \u00e9 um animal tranquilo, muitas pessoas t\u00eam interesse em observ\u00e1-lo de perto, especialmente durante mergulhos.<\/p>\n\n\n\n<p>Al\u00e9m de grande, cientistas acreditam ele pode viver at\u00e9 70 anos, mas ainda existem muitas d\u00favidas sobre seus h\u00e1bitos e comportamento, e isso faz com que ele continue sendo um animal bastante estudado.<\/p>\n\n\n\n<p>O que se sabe \u00e9 que, mesmo sendo enorme, ele vive de forma pac\u00edfica e tem um papel importante no equil\u00edbrio dos oceanos.<\/p>\n","protected":false},"excerpt":{"rendered":"<p>Quando pensamos em animais enormes do oceano, \u00e9 comum imaginar criaturas perigosas, mas a verdade \u00e9 que o maior peixe do mundo \u00e9 bem diferente disso. Mesmo podendo chegar perto dos 10 metros de comprimento, ele \u00e9 conhecido por ser calmo e n\u00e3o representar amea\u00e7a. Apesar do tamanho, esse peixe n\u00e3o ca\u00e7a grandes presas e [&hellip;]<\/p>\n","protected":false},"author":17,"featured_media":26578,"comment_status":"open","ping_status":"open","sticky":false,"template":"","format":"standard","meta":{"jnews-multi-image_gallery":[],"jnews_single_post":{"format":"standard"},"jnews_primary_category":[],"jnews_social_meta":[],"jnews_post_split":[],"footnotes":""},"categories":[1],"tags":[],"class_list":["post-26576","post","type-post","status-publish","format-standard","has-post-thumbnail","hentry","category-uncategorized"],"_links":{"self":[{"href":"https:\/\/diariodepernambuco.audiencelabs.com.br\/wp-json\/wp\/v2\/posts\/26576","targetHints":{"allow":["GET"]}}],"collection":[{"href":"https:\/\/diariodepernambuco.audiencelabs.com.br\/wp-json\/wp\/v2\/posts"}],"about":[{"href":"https:\/\/diariodepernambuco.audiencelabs.com.br\/wp-json\/wp\/v2\/types\/post"}],"author":[{"embeddable":true,"href":"https:\/\/diariodepernambuco.audiencelabs.com.br\/wp-json\/wp\/v2\/users\/17"}],"replies":[{"embeddable":true,"href":"https:\/\/diariodepernambuco.audiencelabs.com.br\/wp-json\/wp\/v2\/comments?post=26576"}],"version-history":[{"count":2,"href":"https:\/\/diariodepernambuco.audiencelabs.com.br\/wp-json\/wp\/v2\/posts\/26576\/revisions"}],"predecessor-version":[{"id":26579,"href":"https:\/\/diariodepernambuco.audiencelabs.com.br\/wp-json\/wp\/v2\/posts\/26576\/revisions\/26579"}],"wp:featuredmedia":[{"embeddable":true,"href":"https:\/\/diariodepernambuco.audiencelabs.com.br\/wp-json\/wp\/v2\/media\/26578"}],"wp:attachment":[{"href":"https:\/\/diariodepernambuco.audiencelabs.com.br\/wp-json\/wp\/v2\/media?parent=26576"}],"wp:term":[{"taxonomy":"category","embeddable":true,"href":"https:\/\/diariodepernambuco.audiencelabs.com.br\/wp-json\/wp\/v2\/categories?post=26576"},{"taxonomy":"post_tag","embeddable":true,"href":"https:\/\/diariodepernambuco.audiencelabs.com.br\/wp-json\/wp\/v2\/tags?post=26576"}],"curies":[{"name":"wp","href":"https:\/\/api.w.org\/{rel}","templated":true}]}}