{"id":26580,"date":"2026-05-03T06:22:00","date_gmt":"2026-05-03T09:22:00","guid":{"rendered":"https:\/\/diariodepernambuco.audiencelabs.com.br\/?p=26580"},"modified":"2026-04-30T16:32:07","modified_gmt":"2026-04-30T19:32:07","slug":"rua-mais-bonita-do-mundo-fica-no-brasil-e-tem-156-arvores-de-enfeite","status":"publish","type":"post","link":"https:\/\/diariodepernambuco.audiencelabs.com.br\/rua-mais-bonita-do-mundo-fica-no-brasil-e-tem-156-arvores-de-enfeite\/","title":{"rendered":"Rua mais bonita do mundo fica no Brasil e tem 156 \u00e1rvores de enfeite"},"content":{"rendered":"\n<p>Em meados de 2008, um bi\u00f3logo portugu\u00eas chamado Pedro Nuno Teixeira Santos publicou em seu blog algumas fotos de uma rua de cerca de 500 metros cercada por pouco mais de 150 \u00e1rvores, classificando-a como<strong> &#8220;a mais bonita do mundo&#8221;<\/strong>.<\/p>\n\n\n\n<p>E mesmo sem ter sido concedido por um ranking oficial, o t\u00edtulo acabou fazendo sucesso em todo o mundo, pois o gigantesco t\u00fanel verde formado por tipuanas e outras esp\u00e9cies de \u00e1rvores confere \u00e0 <strong>rua Gon\u00e7alo de Carvalho<\/strong> um visual inegavelmente impressionante.<\/p>\n\n\n\n<p>Situada no bairro Independ\u00eancia, na capital ga\u00facha,\u00a0a rua \u00e9 fruto de um trabalho centen\u00e1rio, uma vez que as primeiras mudas <strong>come\u00e7aram a ser plantadas no fim da d\u00e9cada de 1930<\/strong> por alem\u00e3es que trabalhavam em uma antiga cervejaria da regi\u00e3o.<\/p>\n\n\n\n<p>Posteriormente, <strong>moradores tamb\u00e9m passaram a se dedicar a cuidar das \u00e1rvores<\/strong>, e esse esfor\u00e7o coletivo acabou dando origem ao extraordin\u00e1rio corredor verde que, em dias quentes, fornece sombra para que seja poss\u00edvel caminhar com mais tranquilidade.<\/p>\n\n\n\n<p>Desde 2006, a rua Gon\u00e7alo de Carvalho \u00e9<strong> reconhecida como Patrim\u00f4nio Hist\u00f3rico, Cultural, Ecol\u00f3gico e Ambiental de Porto Alegre<\/strong>. E mesmo tendo perdido algumas de suas \u00e1rvores por conta de tempestades ocorridas em 2016, ela ainda mant\u00e9m seu visual estonteante.<\/p>\n\n\n\n<h2 class=\"wp-block-heading\">Estacionamento quase arruinou t\u00edtulo de &#8220;rua mais bonita do mundo&#8221;<\/h2>\n\n\n\n<p>Antes de a rua ser tombada, o t\u00fanel verde da Gon\u00e7alo de Carvalho <strong>esteve sob grave amea\u00e7a<\/strong>, j\u00e1 que, h\u00e1 alguns anos atr\u00e1s, projetos para a constru\u00e7\u00e3o de um estacionamento no local foram anunciados.<\/p>\n\n\n\n<p>A obra exigiria o corte de muitas das \u00e1rvores que comp\u00f5em o visual da rua, comprometendo totalmente sua identidade. Diante disso, a possibilidade gerou repercuss\u00e3o negativa entre os moradores, que se mobilizaram para impedir sua execu\u00e7\u00e3o.<\/p>\n\n\n\n<p>E foi justamente essa mobiliza\u00e7\u00e3o que fez com que o ent\u00e3o prefeito, Jos\u00e9 Foga\u00e7a, decidisse contribuir para a prote\u00e7\u00e3o da rua, <strong>assinando o decreto que reconheceu sua import\u00e2ncia ecol\u00f3gica, ambiental e hist\u00f3rica<\/strong>.<\/p>\n","protected":false},"excerpt":{"rendered":"<p>Em meados de 2008, um bi\u00f3logo portugu\u00eas chamado Pedro Nuno Teixeira Santos publicou em seu blog algumas fotos de uma rua de cerca de 500 metros cercada por pouco mais de 150 \u00e1rvores, classificando-a como &#8220;a mais bonita do mundo&#8221;. E mesmo sem ter sido concedido por um ranking oficial, o t\u00edtulo acabou fazendo sucesso [&hellip;]<\/p>\n","protected":false},"author":15,"featured_media":26581,"comment_status":"open","ping_status":"open","sticky":false,"template":"","format":"standard","meta":{"jnews-multi-image_gallery":[],"jnews_single_post":{"format":"standard"},"jnews_primary_category":[],"jnews_social_meta":[],"jnews_post_split":[],"footnotes":""},"categories":[1],"tags":[],"class_list":["post-26580","post","type-post","status-publish","format-standard","has-post-thumbnail","hentry","category-uncategorized"],"_links":{"self":[{"href":"https:\/\/diariodepernambuco.audiencelabs.com.br\/wp-json\/wp\/v2\/posts\/26580","targetHints":{"allow":["GET"]}}],"collection":[{"href":"https:\/\/diariodepernambuco.audiencelabs.com.br\/wp-json\/wp\/v2\/posts"}],"about":[{"href":"https:\/\/diariodepernambuco.audiencelabs.com.br\/wp-json\/wp\/v2\/types\/post"}],"author":[{"embeddable":true,"href":"https:\/\/diariodepernambuco.audiencelabs.com.br\/wp-json\/wp\/v2\/users\/15"}],"replies":[{"embeddable":true,"href":"https:\/\/diariodepernambuco.audiencelabs.com.br\/wp-json\/wp\/v2\/comments?post=26580"}],"version-history":[{"count":1,"href":"https:\/\/diariodepernambuco.audiencelabs.com.br\/wp-json\/wp\/v2\/posts\/26580\/revisions"}],"predecessor-version":[{"id":26582,"href":"https:\/\/diariodepernambuco.audiencelabs.com.br\/wp-json\/wp\/v2\/posts\/26580\/revisions\/26582"}],"wp:featuredmedia":[{"embeddable":true,"href":"https:\/\/diariodepernambuco.audiencelabs.com.br\/wp-json\/wp\/v2\/media\/26581"}],"wp:attachment":[{"href":"https:\/\/diariodepernambuco.audiencelabs.com.br\/wp-json\/wp\/v2\/media?parent=26580"}],"wp:term":[{"taxonomy":"category","embeddable":true,"href":"https:\/\/diariodepernambuco.audiencelabs.com.br\/wp-json\/wp\/v2\/categories?post=26580"},{"taxonomy":"post_tag","embeddable":true,"href":"https:\/\/diariodepernambuco.audiencelabs.com.br\/wp-json\/wp\/v2\/tags?post=26580"}],"curies":[{"name":"wp","href":"https:\/\/api.w.org\/{rel}","templated":true}]}}