{"id":26590,"date":"2026-04-30T17:59:28","date_gmt":"2026-04-30T20:59:28","guid":{"rendered":"https:\/\/diariodepernambuco.audiencelabs.com.br\/?p=26590"},"modified":"2026-04-30T17:59:37","modified_gmt":"2026-04-30T20:59:37","slug":"5-cachorros-mais-bravos-e-atentos-para-proteger-a-sua-casa","status":"publish","type":"post","link":"https:\/\/diariodepernambuco.audiencelabs.com.br\/5-cachorros-mais-bravos-e-atentos-para-proteger-a-sua-casa\/","title":{"rendered":"5 cachorros mais bravos e atentos para proteger a sua casa"},"content":{"rendered":"\n<p>Geralmente, os cachorros acabam figurando entre os animais preferidos de muitas pessoas por conta de caracter\u00edsticas como lealdade e alta sociabilidade. Contudo, \u00e9 importante ressaltar que eles tamb\u00e9m<strong> s\u00e3o capazes de desempenhar diversas fun\u00e7\u00f5es<\/strong>.<\/p>\n\n\n\n<p>E a <strong>prote\u00e7\u00e3o<\/strong> certamente est\u00e1 entre as incumb\u00eancias populares destes animais, tendo em vista que a combina\u00e7\u00e3o de instintos naturais com a fidelidade que desenvolvem por seus tutores os tornam guardi\u00f5es extremamente eficazes.<\/p>\n\n\n\n<p>Embora todos os c\u00e3es possuam a necessidade natural de proteger seu lar e seus entes queridos de amea\u00e7as externas, existem ra\u00e7as que<strong> se destacam como as melhores op\u00e7\u00f5es para guarda<\/strong>, pois ainda contam com um porte f\u00edsico ideal. De acordo com especialistas, 5 delas s\u00e3o:<\/p>\n\n\n\n<h2 class=\"wp-block-heading\">Rottweiler<\/h2>\n\n\n\n<p>Considerado um dos melhores c\u00e3es de prote\u00e7\u00e3o e guarda no mundo, os Rottweillers s\u00e3o cachorros robustos e de apar\u00eancia imponente, com uma mordida poderosa e um latido amea\u00e7ador. Al\u00e9m de serem naturalmente territoriais, eles tamb\u00e9m s\u00e3o extremamente devotos a seus donos.<\/p>\n\n\n\n<h2 class=\"wp-block-heading\">Pastor Alem\u00e3o<\/h2>\n\n\n\n<p>Dotado de uma intelig\u00eancia inigual\u00e1vel e um instinto natural de guarda, o Pastor Alem\u00e3o ainda conta com um senso inato de prote\u00e7\u00e3o da fam\u00edlia e, por conta de suas origens no pastoreio, \u00e9 capaz de ficar sempre em alerta.<\/p>\n\n\n\n<h2 class=\"wp-block-heading\">Cane Corso<\/h2>\n\n\n\n<p>Apesar da apar\u00eancia amea\u00e7adora, o Cane Corso, cuja origem remonta ao Imp\u00e9rio Romano, \u00e9 um cachorro reconhecido pelo temperamento equilibrado e pela capacidade de distinguir amea\u00e7as reais. A ra\u00e7a tamb\u00e9m se destaca pela coragem e pelo forte instinto de prote\u00e7\u00e3o \u00e0 fam\u00edlia.<\/p>\n\n\n\n<h2 class=\"wp-block-heading\">Doberman<\/h2>\n\n\n\n<p>A principal caracter\u00edstica do Doberman \u00e9 a vigil\u00e2ncia constante, sendo este um fator que j\u00e1 o torna naturalmente apto para seguran\u00e7a. Contudo, vale destacar que o cachorro ainda possui porte atl\u00e9tico, apar\u00eancia intimidadora e um alto n\u00edvel de lealdade.<\/p>\n\n\n\n<h2 class=\"wp-block-heading\">Fila Brasileiro<\/h2>\n\n\n\n<p>Desenvolvido especialmente para prote\u00e7\u00e3o, o Fila Brasileiro j\u00e1 nasce desconfian\u00e7a natural com estranhos, possuindo aptid\u00e3o para vigiar e proteger seu territ\u00f3rio e sua fam\u00edlia, a quem ele se apega com facilidade, desde o ber\u00e7o.<\/p>\n","protected":false},"excerpt":{"rendered":"<p>Geralmente, os cachorros acabam figurando entre os animais preferidos de muitas pessoas por conta de caracter\u00edsticas como lealdade e alta sociabilidade. Contudo, \u00e9 importante ressaltar que eles tamb\u00e9m s\u00e3o capazes de desempenhar diversas fun\u00e7\u00f5es. E a prote\u00e7\u00e3o certamente est\u00e1 entre as incumb\u00eancias populares destes animais, tendo em vista que a combina\u00e7\u00e3o de instintos naturais com [&hellip;]<\/p>\n","protected":false},"author":15,"featured_media":26591,"comment_status":"open","ping_status":"open","sticky":false,"template":"","format":"standard","meta":{"jnews-multi-image_gallery":[],"jnews_single_post":{"format":"standard"},"jnews_primary_category":[],"jnews_social_meta":[],"jnews_post_split":[],"footnotes":""},"categories":[1],"tags":[],"class_list":["post-26590","post","type-post","status-publish","format-standard","has-post-thumbnail","hentry","category-uncategorized"],"_links":{"self":[{"href":"https:\/\/diariodepernambuco.audiencelabs.com.br\/wp-json\/wp\/v2\/posts\/26590","targetHints":{"allow":["GET"]}}],"collection":[{"href":"https:\/\/diariodepernambuco.audiencelabs.com.br\/wp-json\/wp\/v2\/posts"}],"about":[{"href":"https:\/\/diariodepernambuco.audiencelabs.com.br\/wp-json\/wp\/v2\/types\/post"}],"author":[{"embeddable":true,"href":"https:\/\/diariodepernambuco.audiencelabs.com.br\/wp-json\/wp\/v2\/users\/15"}],"replies":[{"embeddable":true,"href":"https:\/\/diariodepernambuco.audiencelabs.com.br\/wp-json\/wp\/v2\/comments?post=26590"}],"version-history":[{"count":1,"href":"https:\/\/diariodepernambuco.audiencelabs.com.br\/wp-json\/wp\/v2\/posts\/26590\/revisions"}],"predecessor-version":[{"id":26592,"href":"https:\/\/diariodepernambuco.audiencelabs.com.br\/wp-json\/wp\/v2\/posts\/26590\/revisions\/26592"}],"wp:featuredmedia":[{"embeddable":true,"href":"https:\/\/diariodepernambuco.audiencelabs.com.br\/wp-json\/wp\/v2\/media\/26591"}],"wp:attachment":[{"href":"https:\/\/diariodepernambuco.audiencelabs.com.br\/wp-json\/wp\/v2\/media?parent=26590"}],"wp:term":[{"taxonomy":"category","embeddable":true,"href":"https:\/\/diariodepernambuco.audiencelabs.com.br\/wp-json\/wp\/v2\/categories?post=26590"},{"taxonomy":"post_tag","embeddable":true,"href":"https:\/\/diariodepernambuco.audiencelabs.com.br\/wp-json\/wp\/v2\/tags?post=26590"}],"curies":[{"name":"wp","href":"https:\/\/api.w.org\/{rel}","templated":true}]}}